{"id":10006,"date":"2019-09-27T19:01:21","date_gmt":"2019-09-27T17:01:21","guid":{"rendered":"http:\/\/zpo.podedworze.pl\/?p=10006"},"modified":"2019-10-06T15:50:29","modified_gmt":"2019-10-06T13:50:29","slug":"zpo-w-podedworzu-laureatem-konkursu","status":"publish","type":"post","link":"http:\/\/zpo.podedworze.pl\/index.php\/2019\/09\/27\/zpo-w-podedworzu-laureatem-konkursu\/","title":{"rendered":"ZPO w Podedw\u00f3rzu Laureatem Konkursu"},"content":{"rendered":"<p><strong><em>Szanowni Rodzice\u00a0<\/em><\/strong><strong><em>i Na<\/em><\/strong><strong><em>uczyciele,<br \/>\nDrodzy Uczniowie,<\/em><\/strong><\/p>\n<p>dzisiaj tj. 27 wrze\u015bnia 2019r. na Forum OSEregio w Bia\u0142ej Podlaskiej Dyrektor Zespo\u0142u Plac\u00f3wek O\u015bwiatowych w Podedw\u00f3rzu pan Artur Becher odebra\u0142 oficjalne potwierdzenie przyznania nagrody w Konkursie <strong>#OSEWYZWANIE<\/strong>.<\/p>\n<p>Uroczystego wr\u0119czenia stosownych adres\u00f3w dokonali <strong>Marsza\u0142ek Wojew\u00f3dztwa Lubelskiego Pan Dariusz Stefani<\/strong><strong>uk i Zast\u0119pca\u00a0<\/strong><strong>Dyrektora NASK &#8211; Pa\u0144stwowego Instytutu Badawczego &#8211; Pan Bart\u0142omiej Klinger.<\/strong><\/p>\n<p><a href=\"https:\/\/lublin.tvp.pl\/44589715\/nowe-technologie-w-bialej-podlaskiej\">link do materia\u0142u telewizyjnego<\/a><\/p>\n<p><a href=\"http:\/\/zpo.podedworze.pl\/wp-content\/uploads\/2019\/09\/potwierdzenie_nagrody.pdf\">potwierd<\/a><a href=\"http:\/\/zpo.podedworze.pl\/wp-content\/uploads\/2019\/09\/potwierdzenie_nagrody.pdf\">zenie_nagrody<\/a><\/p>\n<div id='gallery-1' class='gallery galleryid-10006 gallery-columns-3 gallery-size-thumbnail'><figure class='gallery-item'>\n\t\t\t<div class='gallery-icon landscape'>\n\t\t\t\t<a href='http:\/\/zpo.podedworze.pl\/index.php\/2019\/09\/27\/zpo-w-podedworzu-laureatem-konkursu\/ose_bp-1\/'><img loading=\"lazy\" decoding=\"async\" width=\"150\" height=\"150\" src=\"http:\/\/zpo.podedworze.pl\/wp-content\/uploads\/2019\/09\/ose_bp-1-150x150.jpg\" class=\"attachment-thumbnail size-thumbnail\" alt=\"\" \/><\/a>\n\t\t\t<\/div><\/figure><figure class='gallery-item'>\n\t\t\t<div class='gallery-icon landscape'>\n\t\t\t\t<a href='http:\/\/zpo.podedworze.pl\/index.php\/2019\/09\/27\/zpo-w-podedworzu-laureatem-konkursu\/ose_bp\/'><img loading=\"lazy\" decoding=\"async\" width=\"150\" height=\"150\" src=\"http:\/\/zpo.podedworze.pl\/wp-content\/uploads\/2019\/09\/ose_bp-150x150.jpg\" class=\"attachment-thumbnail size-thumbnail\" alt=\"\" \/><\/a>\n\t\t\t<\/div><\/figure><figure class='gallery-item'>\n\t\t\t<div class='gallery-icon landscape'>\n\t\t\t\t<a href='http:\/\/zpo.podedworze.pl\/index.php\/2019\/09\/27\/zpo-w-podedworzu-laureatem-konkursu\/oseregio\/'><img loading=\"lazy\" decoding=\"async\" width=\"150\" height=\"150\" src=\"http:\/\/zpo.podedworze.pl\/wp-content\/uploads\/2019\/09\/oseregio-150x150.jpg\" class=\"attachment-thumbnail size-thumbnail\" alt=\"\" \/><\/a>\n\t\t\t<\/div><\/figure><figure class='gallery-item'>\n\t\t\t<div class='gallery-icon portrait'>\n\t\t\t\t<a href='http:\/\/zpo.podedworze.pl\/index.php\/2019\/09\/27\/zpo-w-podedworzu-laureatem-konkursu\/ose_nagroda\/'><img loading=\"lazy\" decoding=\"async\" width=\"150\" height=\"150\" src=\"http:\/\/zpo.podedworze.pl\/wp-content\/uploads\/2019\/09\/ose_nagroda-e1569609457420-150x150.jpg\" class=\"attachment-thumbnail size-thumbnail\" alt=\"\" \/><\/a>\n\t\t\t<\/div><\/figure><figure class='gallery-item'>\n\t\t\t<div class='gallery-icon landscape'>\n\t\t\t\t<a href='http:\/\/zpo.podedworze.pl\/index.php\/2019\/09\/27\/zpo-w-podedworzu-laureatem-konkursu\/attachment\/002\/'><img loading=\"lazy\" decoding=\"async\" width=\"150\" height=\"150\" src=\"http:\/\/zpo.podedworze.pl\/wp-content\/uploads\/2019\/09\/002-150x150.jpg\" class=\"attachment-thumbnail size-thumbnail\" alt=\"\" \/><\/a>\n\t\t\t<\/div><\/figure>\n\t\t<\/div>\n\n<p>&nbsp;<\/p>\n","protected":false},"excerpt":{"rendered":"<p>Szanowni Rodzice\u00a0i Nauczyciele, Drodzy Uczniowie, dzisiaj tj. 27 wrze\u015bnia 2019r. na Forum OSEregio w Bia\u0142ej Podlaskiej Dyrektor Zespo\u0142u Plac\u00f3wek O\u015bwiatowych w Podedw\u00f3rzu pan Artur Becher odebra\u0142 oficjalne potwierdzenie przyznania nagrody w Konkursie #OSEWYZWANIE. Uroczystego wr\u0119czenia&#8230;<\/p>\n","protected":false},"author":3,"featured_media":10007,"comment_status":"closed","ping_status":"closed","sticky":false,"template":"","format":"standard","meta":{"footnotes":""},"categories":[1],"tags":[],"class_list":["post-10006","post","type-post","status-publish","format-standard","has-post-thumbnail","hentry","category-bez-kategorii"],"_links":{"self":[{"href":"http:\/\/zpo.podedworze.pl\/index.php\/wp-json\/wp\/v2\/posts\/10006","targetHints":{"allow":["GET"]}}],"collection":[{"href":"http:\/\/zpo.podedworze.pl\/index.php\/wp-json\/wp\/v2\/posts"}],"about":[{"href":"http:\/\/zpo.podedworze.pl\/index.php\/wp-json\/wp\/v2\/types\/post"}],"author":[{"embeddable":true,"href":"http:\/\/zpo.podedworze.pl\/index.php\/wp-json\/wp\/v2\/users\/3"}],"replies":[{"embeddable":true,"href":"http:\/\/zpo.podedworze.pl\/index.php\/wp-json\/wp\/v2\/comments?post=10006"}],"version-history":[{"count":11,"href":"http:\/\/zpo.podedworze.pl\/index.php\/wp-json\/wp\/v2\/posts\/10006\/revisions"}],"predecessor-version":[{"id":10232,"href":"http:\/\/zpo.podedworze.pl\/index.php\/wp-json\/wp\/v2\/posts\/10006\/revisions\/10232"}],"wp:featuredmedia":[{"embeddable":true,"href":"http:\/\/zpo.podedworze.pl\/index.php\/wp-json\/wp\/v2\/media\/10007"}],"wp:attachment":[{"href":"http:\/\/zpo.podedworze.pl\/index.php\/wp-json\/wp\/v2\/media?parent=10006"}],"wp:term":[{"taxonomy":"category","embeddable":true,"href":"http:\/\/zpo.podedworze.pl\/index.php\/wp-json\/wp\/v2\/categories?post=10006"},{"taxonomy":"post_tag","embeddable":true,"href":"http:\/\/zpo.podedworze.pl\/index.php\/wp-json\/wp\/v2\/tags?post=10006"}],"curies":[{"name":"wp","href":"https:\/\/api.w.org\/{rel}","templated":true}]}}