{"id":10021,"date":"2019-09-28T20:22:19","date_gmt":"2019-09-28T18:22:19","guid":{"rendered":"http:\/\/zpo.podedworze.pl\/?p=10021"},"modified":"2019-09-29T21:07:21","modified_gmt":"2019-09-29T19:07:21","slug":"uczniowie-naszej-szkoly-na-festynie-bezpieczna-szkola-bezpieczna-lubelszczyzna","status":"publish","type":"post","link":"http:\/\/zpo.podedworze.pl\/index.php\/2019\/09\/28\/uczniowie-naszej-szkoly-na-festynie-bezpieczna-szkola-bezpieczna-lubelszczyzna\/","title":{"rendered":"Uczniowie naszej szko\u0142y na festynie \u201eBezpieczna Szko\u0142a-Bezpieczna Lubelszczyzna&#8221;"},"content":{"rendered":"<p>Festyn odby\u0142 si\u0119 27.09.2019r. na obiektach stadionu Arena Lublin. Celem akcji by\u0142o zwr\u00f3cenie uwagi na szeroko rozumiane bezpiecze\u0144stwo dzieci i m\u0142odzie\u017cy w szkole i poza ni\u0105. Uczniowie mogli \u00a0uczestniczy\u0107 w \u00a0pokazach pracy s\u0142u\u017cb mundurowych i ratownictwa drogowego.<\/p>\n<p>Organizatorzy imprezy podkre\u015blili wag\u0119 prawid\u0142owego od\u017cywiania si\u0119. Uczestnikom festynu przybli\u017cano programy promuj\u0105ce zdrowy styl \u017cycia i w\u0142a\u015bciwe nawyki \u017cywieniowe.<\/p>\n<p>Organizatorami ww. dzia\u0142a\u0144 byli Wojewoda Lubelski i Kurator O\u015bwiaty.<\/p>\n<div id='gallery-1' class='gallery galleryid-10021 gallery-columns-5 gallery-size-thumbnail'><figure class='gallery-item'>\n\t\t\t<div class='gallery-icon landscape'>\n\t\t\t\t<a href='http:\/\/zpo.podedworze.pl\/index.php\/2019\/09\/28\/uczniowie-naszej-szkoly-na-festynie-bezpieczna-szkola-bezpieczna-lubelszczyzna\/20120114_065140\/'><img loading=\"lazy\" decoding=\"async\" width=\"150\" height=\"150\" src=\"http:\/\/zpo.podedworze.pl\/wp-content\/uploads\/2019\/09\/20120114_065140-150x150.jpg\" class=\"attachment-thumbnail size-thumbnail\" alt=\"\" \/><\/a>\n\t\t\t<\/div><\/figure><figure class='gallery-item'>\n\t\t\t<div class='gallery-icon landscape'>\n\t\t\t\t<a href='http:\/\/zpo.podedworze.pl\/index.php\/2019\/09\/28\/uczniowie-naszej-szkoly-na-festynie-bezpieczna-szkola-bezpieczna-lubelszczyzna\/20120114_072919\/'><img loading=\"lazy\" decoding=\"async\" width=\"150\" height=\"150\" src=\"http:\/\/zpo.podedworze.pl\/wp-content\/uploads\/2019\/09\/20120114_072919-150x150.jpg\" class=\"attachment-thumbnail size-thumbnail\" alt=\"\" \/><\/a>\n\t\t\t<\/div><\/figure><figure class='gallery-item'>\n\t\t\t<div class='gallery-icon landscape'>\n\t\t\t\t<a href='http:\/\/zpo.podedworze.pl\/index.php\/2019\/09\/28\/uczniowie-naszej-szkoly-na-festynie-bezpieczna-szkola-bezpieczna-lubelszczyzna\/20120114_073129\/'><img loading=\"lazy\" decoding=\"async\" width=\"150\" height=\"150\" src=\"http:\/\/zpo.podedworze.pl\/wp-content\/uploads\/2019\/09\/20120114_073129-150x150.jpg\" class=\"attachment-thumbnail size-thumbnail\" alt=\"\" \/><\/a>\n\t\t\t<\/div><\/figure><figure class='gallery-item'>\n\t\t\t<div class='gallery-icon landscape'>\n\t\t\t\t<a href='http:\/\/zpo.podedworze.pl\/index.php\/2019\/09\/28\/uczniowie-naszej-szkoly-na-festynie-bezpieczna-szkola-bezpieczna-lubelszczyzna\/20120114_065144\/'><img loading=\"lazy\" decoding=\"async\" width=\"150\" height=\"150\" src=\"http:\/\/zpo.podedworze.pl\/wp-content\/uploads\/2019\/09\/20120114_065144-150x150.jpg\" class=\"attachment-thumbnail size-thumbnail\" alt=\"\" \/><\/a>\n\t\t\t<\/div><\/figure><figure class='gallery-item'>\n\t\t\t<div class='gallery-icon landscape'>\n\t\t\t\t<a href='http:\/\/zpo.podedworze.pl\/index.php\/2019\/09\/28\/uczniowie-naszej-szkoly-na-festynie-bezpieczna-szkola-bezpieczna-lubelszczyzna\/20120114_065149\/'><img loading=\"lazy\" decoding=\"async\" width=\"150\" height=\"150\" src=\"http:\/\/zpo.podedworze.pl\/wp-content\/uploads\/2019\/09\/20120114_065149-150x150.jpg\" class=\"attachment-thumbnail size-thumbnail\" alt=\"\" \/><\/a>\n\t\t\t<\/div><\/figure><figure class='gallery-item'>\n\t\t\t<div class='gallery-icon landscape'>\n\t\t\t\t<a href='http:\/\/zpo.podedworze.pl\/index.php\/2019\/09\/28\/uczniowie-naszej-szkoly-na-festynie-bezpieczna-szkola-bezpieczna-lubelszczyzna\/20120114_065348\/'><img loading=\"lazy\" decoding=\"async\" width=\"150\" height=\"150\" src=\"http:\/\/zpo.podedworze.pl\/wp-content\/uploads\/2019\/09\/20120114_065348-150x150.jpg\" class=\"attachment-thumbnail size-thumbnail\" alt=\"\" \/><\/a>\n\t\t\t<\/div><\/figure><figure class='gallery-item'>\n\t\t\t<div class='gallery-icon landscape'>\n\t\t\t\t<a href='http:\/\/zpo.podedworze.pl\/index.php\/2019\/09\/28\/uczniowie-naszej-szkoly-na-festynie-bezpieczna-szkola-bezpieczna-lubelszczyzna\/20120114_065758\/'><img loading=\"lazy\" decoding=\"async\" width=\"150\" height=\"150\" src=\"http:\/\/zpo.podedworze.pl\/wp-content\/uploads\/2019\/09\/20120114_065758-150x150.jpg\" class=\"attachment-thumbnail size-thumbnail\" alt=\"\" \/><\/a>\n\t\t\t<\/div><\/figure><figure class='gallery-item'>\n\t\t\t<div class='gallery-icon landscape'>\n\t\t\t\t<a href='http:\/\/zpo.podedworze.pl\/index.php\/2019\/09\/28\/uczniowie-naszej-szkoly-na-festynie-bezpieczna-szkola-bezpieczna-lubelszczyzna\/20120114_065824\/'><img loading=\"lazy\" decoding=\"async\" width=\"150\" height=\"150\" src=\"http:\/\/zpo.podedworze.pl\/wp-content\/uploads\/2019\/09\/20120114_065824-150x150.jpg\" class=\"attachment-thumbnail size-thumbnail\" alt=\"\" \/><\/a>\n\t\t\t<\/div><\/figure><figure class='gallery-item'>\n\t\t\t<div class='gallery-icon landscape'>\n\t\t\t\t<a href='http:\/\/zpo.podedworze.pl\/index.php\/2019\/09\/28\/uczniowie-naszej-szkoly-na-festynie-bezpieczna-szkola-bezpieczna-lubelszczyzna\/20120114_065927\/'><img loading=\"lazy\" decoding=\"async\" width=\"150\" height=\"150\" src=\"http:\/\/zpo.podedworze.pl\/wp-content\/uploads\/2019\/09\/20120114_065927-150x150.jpg\" class=\"attachment-thumbnail size-thumbnail\" alt=\"\" \/><\/a>\n\t\t\t<\/div><\/figure><figure class='gallery-item'>\n\t\t\t<div class='gallery-icon landscape'>\n\t\t\t\t<a href='http:\/\/zpo.podedworze.pl\/index.php\/2019\/09\/28\/uczniowie-naszej-szkoly-na-festynie-bezpieczna-szkola-bezpieczna-lubelszczyzna\/20120114_070102\/'><img loading=\"lazy\" decoding=\"async\" width=\"150\" height=\"150\" src=\"http:\/\/zpo.podedworze.pl\/wp-content\/uploads\/2019\/09\/20120114_070102-150x150.jpg\" class=\"attachment-thumbnail size-thumbnail\" alt=\"\" \/><\/a>\n\t\t\t<\/div><\/figure><figure class='gallery-item'>\n\t\t\t<div class='gallery-icon landscape'>\n\t\t\t\t<a href='http:\/\/zpo.podedworze.pl\/index.php\/2019\/09\/28\/uczniowie-naszej-szkoly-na-festynie-bezpieczna-szkola-bezpieczna-lubelszczyzna\/20120114_070233\/'><img loading=\"lazy\" decoding=\"async\" width=\"150\" height=\"150\" src=\"http:\/\/zpo.podedworze.pl\/wp-content\/uploads\/2019\/09\/20120114_070233-150x150.jpg\" class=\"attachment-thumbnail size-thumbnail\" alt=\"\" \/><\/a>\n\t\t\t<\/div><\/figure><figure class='gallery-item'>\n\t\t\t<div class='gallery-icon landscape'>\n\t\t\t\t<a href='http:\/\/zpo.podedworze.pl\/index.php\/2019\/09\/28\/uczniowie-naszej-szkoly-na-festynie-bezpieczna-szkola-bezpieczna-lubelszczyzna\/20120114_071746\/'><img loading=\"lazy\" decoding=\"async\" width=\"150\" height=\"150\" src=\"http:\/\/zpo.podedworze.pl\/wp-content\/uploads\/2019\/09\/20120114_071746-150x150.jpg\" class=\"attachment-thumbnail size-thumbnail\" alt=\"\" \/><\/a>\n\t\t\t<\/div><\/figure><figure class='gallery-item'>\n\t\t\t<div class='gallery-icon landscape'>\n\t\t\t\t<a href='http:\/\/zpo.podedworze.pl\/index.php\/2019\/09\/28\/uczniowie-naszej-szkoly-na-festynie-bezpieczna-szkola-bezpieczna-lubelszczyzna\/20120114_071757\/'><img loading=\"lazy\" decoding=\"async\" width=\"150\" height=\"150\" src=\"http:\/\/zpo.podedworze.pl\/wp-content\/uploads\/2019\/09\/20120114_071757-150x150.jpg\" class=\"attachment-thumbnail size-thumbnail\" alt=\"\" \/><\/a>\n\t\t\t<\/div><\/figure><figure class='gallery-item'>\n\t\t\t<div class='gallery-icon landscape'>\n\t\t\t\t<a href='http:\/\/zpo.podedworze.pl\/index.php\/2019\/09\/28\/uczniowie-naszej-szkoly-na-festynie-bezpieczna-szkola-bezpieczna-lubelszczyzna\/20120114_071923\/'><img loading=\"lazy\" decoding=\"async\" width=\"150\" height=\"150\" src=\"http:\/\/zpo.podedworze.pl\/wp-content\/uploads\/2019\/09\/20120114_071923-150x150.jpg\" class=\"attachment-thumbnail size-thumbnail\" alt=\"\" \/><\/a>\n\t\t\t<\/div><\/figure><figure class='gallery-item'>\n\t\t\t<div class='gallery-icon landscape'>\n\t\t\t\t<a href='http:\/\/zpo.podedworze.pl\/index.php\/2019\/09\/28\/uczniowie-naszej-szkoly-na-festynie-bezpieczna-szkola-bezpieczna-lubelszczyzna\/20120114_072027\/'><img loading=\"lazy\" decoding=\"async\" width=\"150\" height=\"150\" src=\"http:\/\/zpo.podedworze.pl\/wp-content\/uploads\/2019\/09\/20120114_072027-150x150.jpg\" class=\"attachment-thumbnail size-thumbnail\" alt=\"\" \/><\/a>\n\t\t\t<\/div><\/figure><figure class='gallery-item'>\n\t\t\t<div class='gallery-icon landscape'>\n\t\t\t\t<a href='http:\/\/zpo.podedworze.pl\/index.php\/2019\/09\/28\/uczniowie-naszej-szkoly-na-festynie-bezpieczna-szkola-bezpieczna-lubelszczyzna\/20120114_072031\/'><img loading=\"lazy\" decoding=\"async\" width=\"150\" height=\"150\" src=\"http:\/\/zpo.podedworze.pl\/wp-content\/uploads\/2019\/09\/20120114_072031-150x150.jpg\" class=\"attachment-thumbnail size-thumbnail\" alt=\"\" \/><\/a>\n\t\t\t<\/div><\/figure><figure class='gallery-item'>\n\t\t\t<div class='gallery-icon landscape'>\n\t\t\t\t<a href='http:\/\/zpo.podedworze.pl\/index.php\/2019\/09\/28\/uczniowie-naszej-szkoly-na-festynie-bezpieczna-szkola-bezpieczna-lubelszczyzna\/20120114_072220\/'><img loading=\"lazy\" decoding=\"async\" width=\"150\" height=\"150\" src=\"http:\/\/zpo.podedworze.pl\/wp-content\/uploads\/2019\/09\/20120114_072220-150x150.jpg\" class=\"attachment-thumbnail size-thumbnail\" alt=\"\" \/><\/a>\n\t\t\t<\/div><\/figure><figure class='gallery-item'>\n\t\t\t<div class='gallery-icon landscape'>\n\t\t\t\t<a href='http:\/\/zpo.podedworze.pl\/index.php\/2019\/09\/28\/uczniowie-naszej-szkoly-na-festynie-bezpieczna-szkola-bezpieczna-lubelszczyzna\/20120114_072345\/'><img loading=\"lazy\" decoding=\"async\" width=\"150\" height=\"150\" src=\"http:\/\/zpo.podedworze.pl\/wp-content\/uploads\/2019\/09\/20120114_072345-150x150.jpg\" class=\"attachment-thumbnail size-thumbnail\" alt=\"\" \/><\/a>\n\t\t\t<\/div><\/figure><figure class='gallery-item'>\n\t\t\t<div class='gallery-icon landscape'>\n\t\t\t\t<a href='http:\/\/zpo.podedworze.pl\/index.php\/2019\/09\/28\/uczniowie-naszej-szkoly-na-festynie-bezpieczna-szkola-bezpieczna-lubelszczyzna\/20120114_072410\/'><img loading=\"lazy\" decoding=\"async\" width=\"150\" height=\"150\" src=\"http:\/\/zpo.podedworze.pl\/wp-content\/uploads\/2019\/09\/20120114_072410-150x150.jpg\" class=\"attachment-thumbnail size-thumbnail\" alt=\"\" \/><\/a>\n\t\t\t<\/div><\/figure><figure class='gallery-item'>\n\t\t\t<div class='gallery-icon landscape'>\n\t\t\t\t<a href='http:\/\/zpo.podedworze.pl\/index.php\/2019\/09\/28\/uczniowie-naszej-szkoly-na-festynie-bezpieczna-szkola-bezpieczna-lubelszczyzna\/20120114_072507\/'><img loading=\"lazy\" decoding=\"async\" width=\"150\" height=\"150\" src=\"http:\/\/zpo.podedworze.pl\/wp-content\/uploads\/2019\/09\/20120114_072507-150x150.jpg\" class=\"attachment-thumbnail size-thumbnail\" alt=\"\" \/><\/a>\n\t\t\t<\/div><\/figure><figure class='gallery-item'>\n\t\t\t<div class='gallery-icon landscape'>\n\t\t\t\t<a href='http:\/\/zpo.podedworze.pl\/index.php\/2019\/09\/28\/uczniowie-naszej-szkoly-na-festynie-bezpieczna-szkola-bezpieczna-lubelszczyzna\/20120114_072748\/'><img loading=\"lazy\" decoding=\"async\" width=\"150\" height=\"150\" src=\"http:\/\/zpo.podedworze.pl\/wp-content\/uploads\/2019\/09\/20120114_072748-150x150.jpg\" class=\"attachment-thumbnail size-thumbnail\" alt=\"\" \/><\/a>\n\t\t\t<\/div><\/figure><figure class='gallery-item'>\n\t\t\t<div class='gallery-icon landscape'>\n\t\t\t\t<a href='http:\/\/zpo.podedworze.pl\/index.php\/2019\/09\/28\/uczniowie-naszej-szkoly-na-festynie-bezpieczna-szkola-bezpieczna-lubelszczyzna\/20120114_072915\/'><img loading=\"lazy\" decoding=\"async\" width=\"150\" height=\"150\" src=\"http:\/\/zpo.podedworze.pl\/wp-content\/uploads\/2019\/09\/20120114_072915-150x150.jpg\" class=\"attachment-thumbnail size-thumbnail\" alt=\"\" \/><\/a>\n\t\t\t<\/div><\/figure><figure class='gallery-item'>\n\t\t\t<div class='gallery-icon portrait'>\n\t\t\t\t<a href='http:\/\/zpo.podedworze.pl\/index.php\/2019\/09\/28\/uczniowie-naszej-szkoly-na-festynie-bezpieczna-szkola-bezpieczna-lubelszczyzna\/dav-196\/'><img loading=\"lazy\" decoding=\"async\" width=\"150\" height=\"150\" src=\"http:\/\/zpo.podedworze.pl\/wp-content\/uploads\/2019\/09\/IMG_20190927_125419-150x150.jpg\" class=\"attachment-thumbnail size-thumbnail\" alt=\"\" aria-describedby=\"gallery-1-10057\" \/><\/a>\n\t\t\t<\/div>\n\t\t\t\t<figcaption class='wp-caption-text gallery-caption' id='gallery-1-10057'>\n\t\t\t\tdav\n\t\t\t\t<\/figcaption><\/figure><figure class='gallery-item'>\n\t\t\t<div class='gallery-icon portrait'>\n\t\t\t\t<a href='http:\/\/zpo.podedworze.pl\/index.php\/2019\/09\/28\/uczniowie-naszej-szkoly-na-festynie-bezpieczna-szkola-bezpieczna-lubelszczyzna\/sdr-18\/'><img loading=\"lazy\" decoding=\"async\" width=\"150\" height=\"150\" src=\"http:\/\/zpo.podedworze.pl\/wp-content\/uploads\/2019\/09\/IMG_20190927_125501-150x150.jpg\" class=\"attachment-thumbnail size-thumbnail\" alt=\"\" aria-describedby=\"gallery-1-10058\" \/><\/a>\n\t\t\t<\/div>\n\t\t\t\t<figcaption class='wp-caption-text gallery-caption' id='gallery-1-10058'>\n\t\t\t\tsdr\n\t\t\t\t<\/figcaption><\/figure><figure class='gallery-item'>\n\t\t\t<div class='gallery-icon portrait'>\n\t\t\t\t<a href='http:\/\/zpo.podedworze.pl\/index.php\/2019\/09\/28\/uczniowie-naszej-szkoly-na-festynie-bezpieczna-szkola-bezpieczna-lubelszczyzna\/dav-197\/'><img loading=\"lazy\" decoding=\"async\" width=\"150\" height=\"150\" src=\"http:\/\/zpo.podedworze.pl\/wp-content\/uploads\/2019\/09\/IMG_20190927_130340-150x150.jpg\" class=\"attachment-thumbnail size-thumbnail\" alt=\"\" aria-describedby=\"gallery-1-10059\" \/><\/a>\n\t\t\t<\/div>\n\t\t\t\t<figcaption class='wp-caption-text gallery-caption' id='gallery-1-10059'>\n\t\t\t\tdav\n\t\t\t\t<\/figcaption><\/figure><figure class='gallery-item'>\n\t\t\t<div class='gallery-icon portrait'>\n\t\t\t\t<a href='http:\/\/zpo.podedworze.pl\/index.php\/2019\/09\/28\/uczniowie-naszej-szkoly-na-festynie-bezpieczna-szkola-bezpieczna-lubelszczyzna\/dav-198\/'><img loading=\"lazy\" decoding=\"async\" width=\"150\" height=\"150\" src=\"http:\/\/zpo.podedworze.pl\/wp-content\/uploads\/2019\/09\/IMG_20190927_130549-150x150.jpg\" class=\"attachment-thumbnail size-thumbnail\" alt=\"\" aria-describedby=\"gallery-1-10060\" \/><\/a>\n\t\t\t<\/div>\n\t\t\t\t<figcaption class='wp-caption-text gallery-caption' id='gallery-1-10060'>\n\t\t\t\tdav\n\t\t\t\t<\/figcaption><\/figure><figure class='gallery-item'>\n\t\t\t<div class='gallery-icon portrait'>\n\t\t\t\t<a href='http:\/\/zpo.podedworze.pl\/index.php\/2019\/09\/28\/uczniowie-naszej-szkoly-na-festynie-bezpieczna-szkola-bezpieczna-lubelszczyzna\/dav-199\/'><img loading=\"lazy\" decoding=\"async\" width=\"150\" height=\"150\" src=\"http:\/\/zpo.podedworze.pl\/wp-content\/uploads\/2019\/09\/IMG_20190927_130629-150x150.jpg\" class=\"attachment-thumbnail size-thumbnail\" alt=\"\" aria-describedby=\"gallery-1-10061\" \/><\/a>\n\t\t\t<\/div>\n\t\t\t\t<figcaption class='wp-caption-text gallery-caption' id='gallery-1-10061'>\n\t\t\t\tdav\n\t\t\t\t<\/figcaption><\/figure>\n\t\t<\/div>\n\n","protected":false},"excerpt":{"rendered":"<p>Festyn odby\u0142 si\u0119 27.09.2019r. na obiektach stadionu Arena Lublin. Celem akcji by\u0142o zwr\u00f3cenie uwagi na szeroko rozumiane bezpiecze\u0144stwo dzieci i m\u0142odzie\u017cy w szkole i poza ni\u0105. Uczniowie mogli \u00a0uczestniczy\u0107 w \u00a0pokazach pracy s\u0142u\u017cb mundurowych i&#8230;<\/p>\n","protected":false},"author":3,"featured_media":10022,"comment_status":"closed","ping_status":"closed","sticky":false,"template":"","format":"standard","meta":{"footnotes":""},"categories":[1],"tags":[],"class_list":["post-10021","post","type-post","status-publish","format-standard","has-post-thumbnail","hentry","category-bez-kategorii"],"_links":{"self":[{"href":"http:\/\/zpo.podedworze.pl\/index.php\/wp-json\/wp\/v2\/posts\/10021","targetHints":{"allow":["GET"]}}],"collection":[{"href":"http:\/\/zpo.podedworze.pl\/index.php\/wp-json\/wp\/v2\/posts"}],"about":[{"href":"http:\/\/zpo.podedworze.pl\/index.php\/wp-json\/wp\/v2\/types\/post"}],"author":[{"embeddable":true,"href":"http:\/\/zpo.podedworze.pl\/index.php\/wp-json\/wp\/v2\/users\/3"}],"replies":[{"embeddable":true,"href":"http:\/\/zpo.podedworze.pl\/index.php\/wp-json\/wp\/v2\/comments?post=10021"}],"version-history":[{"count":4,"href":"http:\/\/zpo.podedworze.pl\/index.php\/wp-json\/wp\/v2\/posts\/10021\/revisions"}],"predecessor-version":[{"id":10062,"href":"http:\/\/zpo.podedworze.pl\/index.php\/wp-json\/wp\/v2\/posts\/10021\/revisions\/10062"}],"wp:featuredmedia":[{"embeddable":true,"href":"http:\/\/zpo.podedworze.pl\/index.php\/wp-json\/wp\/v2\/media\/10022"}],"wp:attachment":[{"href":"http:\/\/zpo.podedworze.pl\/index.php\/wp-json\/wp\/v2\/media?parent=10021"}],"wp:term":[{"taxonomy":"category","embeddable":true,"href":"http:\/\/zpo.podedworze.pl\/index.php\/wp-json\/wp\/v2\/categories?post=10021"},{"taxonomy":"post_tag","embeddable":true,"href":"http:\/\/zpo.podedworze.pl\/index.php\/wp-json\/wp\/v2\/tags?post=10021"}],"curies":[{"name":"wp","href":"https:\/\/api.w.org\/{rel}","templated":true}]}}