{"id":11690,"date":"2020-01-07T20:10:06","date_gmt":"2020-01-07T19:10:06","guid":{"rendered":"http:\/\/zpo.podedworze.pl\/?p=11690"},"modified":"2020-01-07T20:10:12","modified_gmt":"2020-01-07T19:10:12","slug":"samorzad-uczniowski-promuje-bezpieczenstwo-podczas-ferii-zimowych","status":"publish","type":"post","link":"http:\/\/zpo.podedworze.pl\/index.php\/2020\/01\/07\/samorzad-uczniowski-promuje-bezpieczenstwo-podczas-ferii-zimowych\/","title":{"rendered":"Samorz\u0105d Uczniowski promuje bezpiecze\u0144stwo podczas ferii zimowych"},"content":{"rendered":"<p>Samorz\u0105d Uczniowski, wsp\u00f3\u0142dzia\u0142aj\u0105c z nauczycielami, przygotowa\u0142 gazetk\u0119 po\u015bwi\u0119con\u0105 tematyce bezpiecze\u0144stwa podczas ferii zimowych.<\/p>\n<p>Wszyscy mamy \u015bwiadomo\u015b\u0107, \u017ce jednym z wa\u017cniejszych zada\u0144 szko\u0142y jest przeciwdzia\u0142anie wszelkim zjawiskom, kt\u00f3re mog\u0105 generowa\u0107 zagro\u017cenie zdrowia i \u017cycia najm\u0142odszych obywateli. Zima stawia przed nami szczeg\u00f3lne wyzwania w zakresie bezpiecze\u0144stwa.<\/p>\n<p>Wykonana gazetka zwraca uwag\u0119 na bezpieczne sp\u0119dzanie przez uczni\u00f3w czasu wolnego po lekcjach i podczas ferii.<\/p>\n<p>Szko\u0142a, opr\u00f3cz akcji edukacyjnych, proponuje dzia\u0142ania o charakterze organizacyjnym. Dostrzegamy prawid\u0142owo\u015b\u0107, \u017ce \u00a0bezpiecze\u0144stwo dzieci i m\u0142odzie\u017cy szkolnej zale\u017cne jest w bardzo du\u017cym zakresie od dzia\u0142a\u0144 doros\u0142ych. W ramach pierwszego tygodnia ferii zimowych zapraszamy uczni\u00f3w na zaj\u0119cia z wykorzystaniem zasob\u00f3w naszej plac\u00f3wki. Sala sportowa, gry planszowe, a mo\u017ce seanse filmowe\u2026<\/p>\n<p>Prosimy Samorz\u0105d Uczniowski o w\u0142\u0105czenie si\u0119 w projektowanie czasu, kt\u00f3ry mo\u017cemy wsp\u00f3lnie w ferie sp\u0119dzi\u0107 w\u00a0 \u2026 szkole.<\/p>\n<div id='gallery-1' class='gallery galleryid-11690 gallery-columns-3 gallery-size-thumbnail'><figure class='gallery-item'>\n\t\t\t<div class='gallery-icon landscape'>\n\t\t\t\t<a href='http:\/\/zpo.podedworze.pl\/index.php\/2020\/01\/07\/samorzad-uczniowski-promuje-bezpieczenstwo-podczas-ferii-zimowych\/bez\/'><img loading=\"lazy\" decoding=\"async\" width=\"150\" height=\"150\" src=\"http:\/\/zpo.podedworze.pl\/wp-content\/uploads\/2020\/01\/bez-150x150.jpg\" class=\"attachment-thumbnail size-thumbnail\" alt=\"\" \/><\/a>\n\t\t\t<\/div><\/figure><figure class='gallery-item'>\n\t\t\t<div class='gallery-icon portrait'>\n\t\t\t\t<a href='http:\/\/zpo.podedworze.pl\/index.php\/2020\/01\/07\/samorzad-uczniowski-promuje-bezpieczenstwo-podczas-ferii-zimowych\/bez_2\/'><img loading=\"lazy\" decoding=\"async\" width=\"150\" height=\"150\" src=\"http:\/\/zpo.podedworze.pl\/wp-content\/uploads\/2020\/01\/bez_2-150x150.jpg\" class=\"attachment-thumbnail size-thumbnail\" alt=\"\" \/><\/a>\n\t\t\t<\/div><\/figure><figure class='gallery-item'>\n\t\t\t<div class='gallery-icon portrait'>\n\t\t\t\t<a href='http:\/\/zpo.podedworze.pl\/index.php\/2020\/01\/07\/samorzad-uczniowski-promuje-bezpieczenstwo-podczas-ferii-zimowych\/bez_1\/'><img loading=\"lazy\" decoding=\"async\" width=\"150\" height=\"150\" src=\"http:\/\/zpo.podedworze.pl\/wp-content\/uploads\/2020\/01\/bez_1-150x150.jpg\" class=\"attachment-thumbnail size-thumbnail\" alt=\"\" \/><\/a>\n\t\t\t<\/div><\/figure>\n\t\t<\/div>\n\n","protected":false},"excerpt":{"rendered":"<p>Samorz\u0105d Uczniowski, wsp\u00f3\u0142dzia\u0142aj\u0105c z nauczycielami, przygotowa\u0142 gazetk\u0119 po\u015bwi\u0119con\u0105 tematyce bezpiecze\u0144stwa podczas ferii zimowych. Wszyscy mamy \u015bwiadomo\u015b\u0107, \u017ce jednym z wa\u017cniejszych zada\u0144 szko\u0142y jest przeciwdzia\u0142anie wszelkim zjawiskom, kt\u00f3re mog\u0105 generowa\u0107 zagro\u017cenie zdrowia i \u017cycia najm\u0142odszych obywateli&#8230;.<\/p>\n","protected":false},"author":3,"featured_media":11693,"comment_status":"closed","ping_status":"closed","sticky":false,"template":"","format":"standard","meta":{"footnotes":""},"categories":[1],"tags":[],"class_list":["post-11690","post","type-post","status-publish","format-standard","has-post-thumbnail","hentry","category-bez-kategorii"],"_links":{"self":[{"href":"http:\/\/zpo.podedworze.pl\/index.php\/wp-json\/wp\/v2\/posts\/11690","targetHints":{"allow":["GET"]}}],"collection":[{"href":"http:\/\/zpo.podedworze.pl\/index.php\/wp-json\/wp\/v2\/posts"}],"about":[{"href":"http:\/\/zpo.podedworze.pl\/index.php\/wp-json\/wp\/v2\/types\/post"}],"author":[{"embeddable":true,"href":"http:\/\/zpo.podedworze.pl\/index.php\/wp-json\/wp\/v2\/users\/3"}],"replies":[{"embeddable":true,"href":"http:\/\/zpo.podedworze.pl\/index.php\/wp-json\/wp\/v2\/comments?post=11690"}],"version-history":[{"count":1,"href":"http:\/\/zpo.podedworze.pl\/index.php\/wp-json\/wp\/v2\/posts\/11690\/revisions"}],"predecessor-version":[{"id":11694,"href":"http:\/\/zpo.podedworze.pl\/index.php\/wp-json\/wp\/v2\/posts\/11690\/revisions\/11694"}],"wp:featuredmedia":[{"embeddable":true,"href":"http:\/\/zpo.podedworze.pl\/index.php\/wp-json\/wp\/v2\/media\/11693"}],"wp:attachment":[{"href":"http:\/\/zpo.podedworze.pl\/index.php\/wp-json\/wp\/v2\/media?parent=11690"}],"wp:term":[{"taxonomy":"category","embeddable":true,"href":"http:\/\/zpo.podedworze.pl\/index.php\/wp-json\/wp\/v2\/categories?post=11690"},{"taxonomy":"post_tag","embeddable":true,"href":"http:\/\/zpo.podedworze.pl\/index.php\/wp-json\/wp\/v2\/tags?post=11690"}],"curies":[{"name":"wp","href":"https:\/\/api.w.org\/{rel}","templated":true}]}}