{"id":11702,"date":"2020-01-08T07:57:14","date_gmt":"2020-01-08T06:57:14","guid":{"rendered":"http:\/\/zpo.podedworze.pl\/?p=11702"},"modified":"2020-01-08T08:01:55","modified_gmt":"2020-01-08T07:01:55","slug":"choinka-srodowiskowa-w-przedszkolu-samorzadowym","status":"publish","type":"post","link":"http:\/\/zpo.podedworze.pl\/index.php\/2020\/01\/08\/choinka-srodowiskowa-w-przedszkolu-samorzadowym\/","title":{"rendered":"Choinka \u015brodowiskowa w Przedszkolu Samorz\u0105dowym"},"content":{"rendered":"<p>Serdecznie zapraszamy na Choink\u0119 Przedszkolak\u00f3w. <strong>12 stycznia (niedziela) 2020r. od godziny 14.00 czekamy na Dzieci, Rodzic\u00f3w, Babcie i Dziadk\u00f3w w Zespole Plac\u00f3wek O\u015bwiatowych w Podedw\u00f3rzu (sala gimnastyczna). <\/strong><\/p>\n<p>Nasz\u0105 uroczysto\u015b\u0107 szczeg\u00f3lnie i <strong>serdecznie dedykujemy Babciom i Dziadkom<\/strong>, kt\u00f3rzy w styczniu obchodz\u0105 swoje \u015bwi\u0119to. Zapraszamy do wsp\u00f3lnej zabawy r\u00f3wnie\u017c dzieci, kt\u00f3re jeszcze nie ucz\u0119szczaj\u0105 do Przedszkola Samorz\u0105dowego.<\/p>\n<p><strong>Przebieg uroczysto\u015bci:<\/strong><\/p>\n<p>&#8211; 14.00 &#8211; wsp\u00f3lna zabawa<br \/>\n&#8211; 14.30 &#8211; oficjalne rozpocz\u0119cie uroczysto\u015bci<br \/>\n&#8211; 14.45 &#8211; wyst\u0119py przedszkolak\u00f3w &#8211; \u201eBajkowe jase\u0142ka\u201d<br \/>\n&#8211; 15.30 &#8211; pocz\u0119stunek dla Bab\u0107 i Dziadk\u00f3w; bal Przedszkolak\u00f3w<br \/>\n&#8211; 16.10 &#8211; pocz\u0119stunek dla dzieci<br \/>\n&#8211; 17.00 &#8211; wizyta \u015aw. Miko\u0142aja<br \/>\n&#8211; 18.00 \u2013 zako\u0144czenie uroczysto\u015bci<\/p>\n<p><strong><em>Rada Rodzic\u00f3w \u00a0\u00a0\u00a0\u00a0\u00a0\u00a0\u00a0\u00a0\u00a0\u00a0\u00a0\u00a0\u00a0\u00a0\u00a0\u00a0\u00a0\u00a0\u00a0\u00a0\u00a0\u00a0\u00a0\u00a0\u00a0\u00a0\u00a0\u00a0\u00a0\u00a0\u00a0\u00a0\u00a0\u00a0\u00a0\u00a0\u00a0\u00a0\u00a0\u00a0\u00a0\u00a0\u00a0\u00a0\u00a0Dyrektor i Wychowawczynie<\/em><\/strong><strong><em>\u00a0 \u00a0 \u00a0 \u00a0 \u00a0 \u00a0 \u00a0 \u00a0 \u00a0 \u00a0 \u00a0 \u00a0 \u00a0 \u00a0 \u00a0 \u00a0 \u00a0 \u00a0 \u00a0 \u00a0 \u00a0 \u00a0 \u00a0 \u00a0 \u00a0 \u00a0 \u00a0 \u00a0 \u00a0 \u00a0 \u00a0 \u00a0 \u00a0 \u00a0 \u00a0 \u00a0 \u00a0 \u00a0 \u00a0 \u00a0 \u00a0 \u00a0 \u00a0 \u00a0 \u00a0 \u00a0 \u00a0 \u00a0 \u00a0 \u00a0 \u00a0 \u00a0 \u00a0 \u00a0 \u00a0 \u00a0 \u00a0 \u00a0 \u00a0 \u00a0 \u00a0 \u00a0 \u00a0 \u00a0 \u00a0 \u00a0 \u00a0 \u00a0 Oddzia\u0142\u00f3w Przedszkolnych<\/em><\/strong><\/p>\n","protected":false},"excerpt":{"rendered":"<p>Serdecznie zapraszamy na Choink\u0119 Przedszkolak\u00f3w. 12 stycznia (niedziela) 2020r. od godziny 14.00 czekamy na Dzieci, Rodzic\u00f3w, Babcie i Dziadk\u00f3w w Zespole Plac\u00f3wek O\u015bwiatowych w Podedw\u00f3rzu (sala gimnastyczna). Nasz\u0105 uroczysto\u015b\u0107 szczeg\u00f3lnie i serdecznie dedykujemy Babciom i&#8230;<\/p>\n","protected":false},"author":3,"featured_media":11703,"comment_status":"closed","ping_status":"closed","sticky":false,"template":"","format":"standard","meta":{"footnotes":""},"categories":[1],"tags":[],"class_list":["post-11702","post","type-post","status-publish","format-standard","has-post-thumbnail","hentry","category-bez-kategorii"],"_links":{"self":[{"href":"http:\/\/zpo.podedworze.pl\/index.php\/wp-json\/wp\/v2\/posts\/11702","targetHints":{"allow":["GET"]}}],"collection":[{"href":"http:\/\/zpo.podedworze.pl\/index.php\/wp-json\/wp\/v2\/posts"}],"about":[{"href":"http:\/\/zpo.podedworze.pl\/index.php\/wp-json\/wp\/v2\/types\/post"}],"author":[{"embeddable":true,"href":"http:\/\/zpo.podedworze.pl\/index.php\/wp-json\/wp\/v2\/users\/3"}],"replies":[{"embeddable":true,"href":"http:\/\/zpo.podedworze.pl\/index.php\/wp-json\/wp\/v2\/comments?post=11702"}],"version-history":[{"count":5,"href":"http:\/\/zpo.podedworze.pl\/index.php\/wp-json\/wp\/v2\/posts\/11702\/revisions"}],"predecessor-version":[{"id":11708,"href":"http:\/\/zpo.podedworze.pl\/index.php\/wp-json\/wp\/v2\/posts\/11702\/revisions\/11708"}],"wp:featuredmedia":[{"embeddable":true,"href":"http:\/\/zpo.podedworze.pl\/index.php\/wp-json\/wp\/v2\/media\/11703"}],"wp:attachment":[{"href":"http:\/\/zpo.podedworze.pl\/index.php\/wp-json\/wp\/v2\/media?parent=11702"}],"wp:term":[{"taxonomy":"category","embeddable":true,"href":"http:\/\/zpo.podedworze.pl\/index.php\/wp-json\/wp\/v2\/categories?post=11702"},{"taxonomy":"post_tag","embeddable":true,"href":"http:\/\/zpo.podedworze.pl\/index.php\/wp-json\/wp\/v2\/tags?post=11702"}],"curies":[{"name":"wp","href":"https:\/\/api.w.org\/{rel}","templated":true}]}}