{"id":12356,"date":"2020-03-10T06:53:43","date_gmt":"2020-03-10T05:53:43","guid":{"rendered":"http:\/\/zpo.podedworze.pl\/?p=12356"},"modified":"2020-03-10T06:56:09","modified_gmt":"2020-03-10T05:56:09","slug":"apel-lubelskiego-kuratora-oswiaty","status":"publish","type":"post","link":"http:\/\/zpo.podedworze.pl\/index.php\/2020\/03\/10\/apel-lubelskiego-kuratora-oswiaty\/","title":{"rendered":"Apel Lubelskiego Kuratora O\u015bwiaty"},"content":{"rendered":"\n<p><strong><em>Szanowni Rodzice, Wychowawcy i Nauczyciele<\/em><\/strong>,<\/p>\n\n\n\n<p>Lubelski Kurator O\u015bwiaty, w trosce o bezpiecze\u0144stwo uczni\u00f3w, zwr\u00f3ci\u0142 si\u0119 z nast\u0119puj\u0105cym apelem do dyrektor\u00f3w szk\u00f3l:<br><br> <em>\u201eSzanowni Pa\u0144stwo dyrektorzy<br> przedszkoli, szk\u00f3\u0142 i plac\u00f3wek o\u015bwiatowych<br> wojew\u00f3dztwa lubelskiego<strong> <br> <\/strong>w zwi\u0105zku z wyst\u0119puj\u0105cym zagro\u017ceniem epidemiologicznym na terenie kraju, Lubelski Kurator O\u015bwiaty zaleca:<\/em><\/p>\n\n\n\n<ol class=\"wp-block-list\"><li><em>Konsekwentne realizowanie rekomendacji G\u0142\u00f3wnego      Inspektora Sanitarnego, Ministra Edukacji Narodowej, Wojewody Lubelskiego i s\u0142u\u017cb mu podleg\u0142ych oraz reagowanie na aktualne wskaz\u00f3wki.<\/em><\/li><li><em>Zawieszenie organizacji wycieczek krajowych i      zagranicznych, wyj\u015b\u0107 i wyjazd\u00f3w do miejsc gromadzenia si\u0119 wi\u0119kszej liczby os\u00f3b oraz wstrzymanie przyjmowania uczni\u00f3w z zagranicy w ramach wymiany      mi\u0119dzynarodowej.<\/em><\/li><li><em>Kontynuowanie upowszechnienia informacji na temat      profilaktyki koronawirusa w\u015br\u00f3d uczni\u00f3w, wychowank\u00f3w, rodzic\u00f3w i pracownik\u00f3w oraz zapewnienie w szkole\/plac\u00f3wce warunk\u00f3w do utrzymania higieny, poprzez dost\u0119p do ciep\u0142ej i zimnej bie\u017c\u0105cej wody oraz \u015brodk\u00f3w higienicznosanitarnych.<\/em><\/li><li><em>Bie\u017c\u0105ce monitorowanie oraz raportowanie Lubelskiemu Kuratorowi O\u015bwiaty o sytuacji w szkole (poprzez system GSOK).<\/em><\/li><\/ol>\n\n\n\n<p><em>Dzi\u0119kuj\u0105c za zaanga\u017cowanie i dotychczasowe dzia\u0142ania, \u017cycz\u0119 zdrowia.<\/em><br><br> <strong><em>Z wyrazami szacunku<br> Teresa Misiuk<br> Lubelski Kurator O\u015bwiaty<\/em><\/strong><em>\u201d<\/em> <\/p>\n\n\n\n<p><strong>W zwi\u0105zku z powy\u017cszym, prosz\u0119 nauczycieli i wychowawc\u00f3w o podejmowanie inicjatyw, kt\u00f3re w \u015brodowisku lokalnym s\u0142u\u017c\u0105 poprawie wiedzy, \u015bwiadomo\u015bci i postaw w zakresie profilaktyki koronawirusa. <\/strong><\/p>\n\n\n\n<p><strong>Przypominam Pa\u0144stwu r\u00f3wnie\u017c, \u017ce poszerzone informacje profilaktyczne znajduj\u0105 si\u0119 na stronie:&nbsp;<a rel=\"noreferrer noopener\" href=\"http:\/\/www.gov.pl\/koronawirus\" target=\"_blank\"><strong>www.gov.pl\/koronawirus<\/strong><\/a>.\u201d<\/strong><\/p>\n\n\n\n<p>Z powa\u017caniem  <br>Artur Becher, dyr. szko\u0142y <\/p>\n\n\n\n<p><\/p>\n","protected":false},"excerpt":{"rendered":"<p>Szanowni Rodzice, Wychowawcy i Nauczyciele, Lubelski Kurator O\u015bwiaty, w trosce o bezpiecze\u0144stwo uczni\u00f3w, zwr\u00f3ci\u0142 si\u0119 z nast\u0119puj\u0105cym apelem do dyrektor\u00f3w szk\u00f3l: \u201eSzanowni Pa\u0144stwo dyrektorzy przedszkoli, szk\u00f3\u0142 i plac\u00f3wek o\u015bwiatowych wojew\u00f3dztwa lubelskiego w zwi\u0105zku z wyst\u0119puj\u0105cym&#8230;<\/p>\n","protected":false},"author":3,"featured_media":12273,"comment_status":"closed","ping_status":"closed","sticky":false,"template":"","format":"standard","meta":{"footnotes":""},"categories":[1],"tags":[],"class_list":["post-12356","post","type-post","status-publish","format-standard","has-post-thumbnail","hentry","category-bez-kategorii"],"_links":{"self":[{"href":"http:\/\/zpo.podedworze.pl\/index.php\/wp-json\/wp\/v2\/posts\/12356","targetHints":{"allow":["GET"]}}],"collection":[{"href":"http:\/\/zpo.podedworze.pl\/index.php\/wp-json\/wp\/v2\/posts"}],"about":[{"href":"http:\/\/zpo.podedworze.pl\/index.php\/wp-json\/wp\/v2\/types\/post"}],"author":[{"embeddable":true,"href":"http:\/\/zpo.podedworze.pl\/index.php\/wp-json\/wp\/v2\/users\/3"}],"replies":[{"embeddable":true,"href":"http:\/\/zpo.podedworze.pl\/index.php\/wp-json\/wp\/v2\/comments?post=12356"}],"version-history":[{"count":3,"href":"http:\/\/zpo.podedworze.pl\/index.php\/wp-json\/wp\/v2\/posts\/12356\/revisions"}],"predecessor-version":[{"id":12359,"href":"http:\/\/zpo.podedworze.pl\/index.php\/wp-json\/wp\/v2\/posts\/12356\/revisions\/12359"}],"wp:featuredmedia":[{"embeddable":true,"href":"http:\/\/zpo.podedworze.pl\/index.php\/wp-json\/wp\/v2\/media\/12273"}],"wp:attachment":[{"href":"http:\/\/zpo.podedworze.pl\/index.php\/wp-json\/wp\/v2\/media?parent=12356"}],"wp:term":[{"taxonomy":"category","embeddable":true,"href":"http:\/\/zpo.podedworze.pl\/index.php\/wp-json\/wp\/v2\/categories?post=12356"},{"taxonomy":"post_tag","embeddable":true,"href":"http:\/\/zpo.podedworze.pl\/index.php\/wp-json\/wp\/v2\/tags?post=12356"}],"curies":[{"name":"wp","href":"https:\/\/api.w.org\/{rel}","templated":true}]}}