{"id":12373,"date":"2020-03-11T12:06:22","date_gmt":"2020-03-11T11:06:22","guid":{"rendered":"http:\/\/zpo.podedworze.pl\/?p=12373"},"modified":"2020-03-11T13:06:52","modified_gmt":"2020-03-11T12:06:52","slug":"zawieszenie-zajec-dydaktyczno-wychowawczych","status":"publish","type":"post","link":"http:\/\/zpo.podedworze.pl\/index.php\/2020\/03\/11\/zawieszenie-zajec-dydaktyczno-wychowawczych\/","title":{"rendered":"Zawieszenie zaj\u0119\u0107 dydaktyczno-wychowawczych"},"content":{"rendered":"\n<p><strong><em>Szanowni Pa\u0144stwo,<\/em><\/strong> <br><strong><em>Rodzice, Nauczyciele, Wychowawcy<\/em><\/strong><\/p>\n\n\n\n<p>z uwagi na sytuacj\u0119 epidemiologiczn\u0105 i zalecenia Ministra Edukacji Narodowej:<br>&#8211; zaj\u0119cia w naszej szkole i przedszkolu (plac\u00f3wce) b\u0119d\u0105 zawieszone na 2 tygodnie; &nbsp;<br>&#8211; 12 i 13 marca br. w przedszkolu i szkole podstawowej nie b\u0119d\u0105 odbywa\u0142y si\u0119 zaj\u0119cia dydaktyczno-wychowawcze, <strong>a jedynie dzia\u0142ania opieku\u0144cze<\/strong>;<br>&#8211; <strong>od poniedzia\u0142ku, 16 marca br<\/strong>. wychowankowie i uczniowie nie przychodz\u0105 do przedszkoli i szk\u00f3\u0142. Nauczyciele pozostaj\u0105 w gotowo\u015bci do pracy.<\/p>\n\n\n\n<p><strong><em>Szanowni Pa\u0144stwo,<\/em><\/strong><br>wobec konieczno\u015bci zapewnienia dzieciom wy\u017cywienia, prosz\u0119 <strong>o zg\u0142aszanie obecno\u015bci<\/strong> w dniach  12-13 marca 2020r. dzieci w przedszkolu i uczni\u00f3w w szkole do czwartku tj. 12.03.2020r. do godz. 8.00.<\/p>\n\n\n\n<p><strong>Jednocze\u015bnie podkre\u015blam,\n\u017ce 12 i 13 marca br. organizujemy wy\u0142\u0105cznie zaj\u0119cia opieku\u0144cze. <\/strong><\/p>\n\n\n\n<p>Prosz\u0119 na bie\u017c\u0105co \u015bledzi\u0107 komunikaty\nG\u0142\u00f3wnego Inspektora Sanitarnego, Ministerstwa Zdrowia i MEN o sytuacji\nepidemiologicznej w kraju. <\/p>\n\n\n\n<p>Z powa\u017caniem<br>Artur Becher, dyr. szko\u0142y<\/p>\n\n\n\n<p><strong><em>Linki (odno\u015bniki) do storn Ministerstwa Edukacji Narodowej:<\/em><\/strong><\/p>\n\n\n\n<p><a href=\"https:\/\/www.gov.pl\/web\/edukacja\/zawieszenie-zajec-w-szkolach\">https:\/\/www.gov.pl\/web\/edukacja\/zawieszenie-zajec-w-szkolach<\/a><br>\n<br>\n<a href=\"https:\/\/www.gov.pl\/web\/edukacja\/materialy-informacyjne-dla-szkol-przedszkoli-i-placowek-oswiatowych-dotyczace-profilaktyki-zdrowotnej\">https:\/\/www.gov.pl\/web\/edukacja\/materialy-informacyjne-dla-szkol-przedszkoli-i-placowek-oswiatowych-dotyczace-profilaktyki-zdrowotnej<\/a><\/p>\n","protected":false},"excerpt":{"rendered":"<p>Szanowni Pa\u0144stwo, Rodzice, Nauczyciele, Wychowawcy z uwagi na sytuacj\u0119 epidemiologiczn\u0105 i zalecenia Ministra Edukacji Narodowej:&#8211; zaj\u0119cia w naszej szkole i przedszkolu (plac\u00f3wce) b\u0119d\u0105 zawieszone na 2 tygodnie; &nbsp;&#8211; 12 i 13 marca br. w przedszkolu&#8230;<\/p>\n","protected":false},"author":3,"featured_media":12372,"comment_status":"closed","ping_status":"closed","sticky":false,"template":"","format":"standard","meta":{"footnotes":""},"categories":[1],"tags":[],"class_list":["post-12373","post","type-post","status-publish","format-standard","has-post-thumbnail","hentry","category-bez-kategorii"],"_links":{"self":[{"href":"http:\/\/zpo.podedworze.pl\/index.php\/wp-json\/wp\/v2\/posts\/12373","targetHints":{"allow":["GET"]}}],"collection":[{"href":"http:\/\/zpo.podedworze.pl\/index.php\/wp-json\/wp\/v2\/posts"}],"about":[{"href":"http:\/\/zpo.podedworze.pl\/index.php\/wp-json\/wp\/v2\/types\/post"}],"author":[{"embeddable":true,"href":"http:\/\/zpo.podedworze.pl\/index.php\/wp-json\/wp\/v2\/users\/3"}],"replies":[{"embeddable":true,"href":"http:\/\/zpo.podedworze.pl\/index.php\/wp-json\/wp\/v2\/comments?post=12373"}],"version-history":[{"count":2,"href":"http:\/\/zpo.podedworze.pl\/index.php\/wp-json\/wp\/v2\/posts\/12373\/revisions"}],"predecessor-version":[{"id":12375,"href":"http:\/\/zpo.podedworze.pl\/index.php\/wp-json\/wp\/v2\/posts\/12373\/revisions\/12375"}],"wp:featuredmedia":[{"embeddable":true,"href":"http:\/\/zpo.podedworze.pl\/index.php\/wp-json\/wp\/v2\/media\/12372"}],"wp:attachment":[{"href":"http:\/\/zpo.podedworze.pl\/index.php\/wp-json\/wp\/v2\/media?parent=12373"}],"wp:term":[{"taxonomy":"category","embeddable":true,"href":"http:\/\/zpo.podedworze.pl\/index.php\/wp-json\/wp\/v2\/categories?post=12373"},{"taxonomy":"post_tag","embeddable":true,"href":"http:\/\/zpo.podedworze.pl\/index.php\/wp-json\/wp\/v2\/tags?post=12373"}],"curies":[{"name":"wp","href":"https:\/\/api.w.org\/{rel}","templated":true}]}}