{"id":15983,"date":"2020-08-01T19:13:27","date_gmt":"2020-08-01T17:13:27","guid":{"rendered":"http:\/\/zpo.podedworze.pl\/?p=15983"},"modified":"2020-08-01T19:46:36","modified_gmt":"2020-08-01T17:46:36","slug":"76-rocznica-wybuchu-powstania-warszawskiego","status":"publish","type":"post","link":"http:\/\/zpo.podedworze.pl\/index.php\/2020\/08\/01\/76-rocznica-wybuchu-powstania-warszawskiego\/","title":{"rendered":"76. ROCZNICA WYBUCHU POWSTANIA WARSZAWSKIEGO"},"content":{"rendered":"\n<p>1 sierpnia 1944 roku o godz. 17.00 wybuch\u0142o Powstanie Warszawskie &#8211; zbrojne wyst\u0105pienie przeciwko hitlerowcom. &nbsp;Walcz\u0105cy powsta\u0144cy dali \u015bwiadectwo odwagi, patriotyzmu i determinacji. W\u015br\u00f3d nich znalaz\u0142a si\u0119 \u015bp. <strong>Alicja Maria Rudniewska ps. \u201eSylwia\u201d (1928-2016), dziedziczka rodu Zaleskich w\u0142a\u015bcicieli maj\u0105tku Antopol w gminie Podedw\u00f3rze. <\/strong>W Ko\u015bciele Podwy\u017cszenia Krzy\u017ca \u015awi\u0119tego w Podedw\u00f3rzu w krypcie grobowej rodziny Zaleskich z\u0142o\u017cono urn\u0119 z Jej prochami.<\/p>\n\n\n\n<p>W Archiwum Historii M\u00f3wionej znajduje si\u0119 wywiad ze \u015bp. Alicj\u0105 Mari\u0105 Rudniewsk\u0105.<\/p>\n\n\n\n<div class=\"wp-block-image\"><figure class=\"aligncenter size-large\"><a href=\"https:\/\/www.1944.pl\/archiwum-historii-mowionej\/alicja-rudniewska,302.html\"><img loading=\"lazy\" decoding=\"async\" width=\"136\" height=\"182\" src=\"http:\/\/zpo.podedworze.pl\/wp-content\/uploads\/2020\/08\/mpwar.png\" alt=\"\" class=\"wp-image-15987\"\/><\/a><figcaption>Kliknij grafik\u0119 (link do wywiadu)<\/figcaption><\/figure><\/div>\n\n\n\n<p>\u201eRandka pod barykad\u0105\u201d \u2013 to niezwykle interesuj\u0105cy reporta\u017c Agnieszki Czarkowskiej w Radiu Bia\u0142ystok. Bohaterk\u0105 audycji &nbsp;jest \u015bp. Alicja Maria Rudniewska ps. &#8222;Sylwia&#8221;.<\/p>\n\n\n\n<figure class=\"wp-block-audio\"><audio controls src=\"http:\/\/zpo.podedworze.pl\/wp-content\/uploads\/2020\/08\/audio_mp3.mp3\"><\/audio><figcaption>Reporta\u017c do ods\u0142uchania ze strony Radia Bia\u0142ystok<\/figcaption><\/figure>\n\n\n\n<figure class=\"wp-block-image size-large\"><a href=\"https:\/\/pl.wikipedia.org\/wiki\/Cmentarz_Powsta%C5%84c%C3%B3w_Warszawy\"><img loading=\"lazy\" decoding=\"async\" width=\"896\" height=\"1024\" src=\"http:\/\/zpo.podedworze.pl\/wp-content\/uploads\/2020\/08\/ppw-896x1024.png\" alt=\"\" class=\"wp-image-15993\" srcset=\"http:\/\/zpo.podedworze.pl\/wp-content\/uploads\/2020\/08\/ppw-896x1024.png 896w, http:\/\/zpo.podedworze.pl\/wp-content\/uploads\/2020\/08\/ppw-262x300.png 262w, http:\/\/zpo.podedworze.pl\/wp-content\/uploads\/2020\/08\/ppw-768x878.png 768w, http:\/\/zpo.podedworze.pl\/wp-content\/uploads\/2020\/08\/ppw-655x749.png 655w, http:\/\/zpo.podedworze.pl\/wp-content\/uploads\/2020\/08\/ppw.png 1200w\" sizes=\"auto, (max-width: 896px) 100vw, 896px\" \/><\/a><figcaption>Pomnik\u00a0<em>Polegli Niepokonani<\/em> na Cmentarzu Powsta\u0144c\u00f3w Warszawy. <br>Warta Honorowa &#8211; 1 sierpnia 2020r.<\/figcaption><\/figure>\n","protected":false},"excerpt":{"rendered":"<p>1 sierpnia 1944 roku o godz. 17.00 wybuch\u0142o Powstanie Warszawskie &#8211; zbrojne wyst\u0105pienie przeciwko hitlerowcom. &nbsp;Walcz\u0105cy powsta\u0144cy dali \u015bwiadectwo odwagi, patriotyzmu i determinacji. W\u015br\u00f3d nich znalaz\u0142a si\u0119 \u015bp. Alicja Maria Rudniewska ps. \u201eSylwia\u201d (1928-2016), dziedziczka&#8230;<\/p>\n","protected":false},"author":3,"featured_media":15984,"comment_status":"closed","ping_status":"closed","sticky":false,"template":"","format":"standard","meta":{"footnotes":""},"categories":[1],"tags":[],"class_list":["post-15983","post","type-post","status-publish","format-standard","has-post-thumbnail","hentry","category-bez-kategorii"],"_links":{"self":[{"href":"http:\/\/zpo.podedworze.pl\/index.php\/wp-json\/wp\/v2\/posts\/15983","targetHints":{"allow":["GET"]}}],"collection":[{"href":"http:\/\/zpo.podedworze.pl\/index.php\/wp-json\/wp\/v2\/posts"}],"about":[{"href":"http:\/\/zpo.podedworze.pl\/index.php\/wp-json\/wp\/v2\/types\/post"}],"author":[{"embeddable":true,"href":"http:\/\/zpo.podedworze.pl\/index.php\/wp-json\/wp\/v2\/users\/3"}],"replies":[{"embeddable":true,"href":"http:\/\/zpo.podedworze.pl\/index.php\/wp-json\/wp\/v2\/comments?post=15983"}],"version-history":[{"count":4,"href":"http:\/\/zpo.podedworze.pl\/index.php\/wp-json\/wp\/v2\/posts\/15983\/revisions"}],"predecessor-version":[{"id":15995,"href":"http:\/\/zpo.podedworze.pl\/index.php\/wp-json\/wp\/v2\/posts\/15983\/revisions\/15995"}],"wp:featuredmedia":[{"embeddable":true,"href":"http:\/\/zpo.podedworze.pl\/index.php\/wp-json\/wp\/v2\/media\/15984"}],"wp:attachment":[{"href":"http:\/\/zpo.podedworze.pl\/index.php\/wp-json\/wp\/v2\/media?parent=15983"}],"wp:term":[{"taxonomy":"category","embeddable":true,"href":"http:\/\/zpo.podedworze.pl\/index.php\/wp-json\/wp\/v2\/categories?post=15983"},{"taxonomy":"post_tag","embeddable":true,"href":"http:\/\/zpo.podedworze.pl\/index.php\/wp-json\/wp\/v2\/tags?post=15983"}],"curies":[{"name":"wp","href":"https:\/\/api.w.org\/{rel}","templated":true}]}}