{"id":16095,"date":"2020-09-06T21:47:12","date_gmt":"2020-09-06T19:47:12","guid":{"rendered":"http:\/\/zpo.podedworze.pl\/?p=16095"},"modified":"2020-09-06T21:48:30","modified_gmt":"2020-09-06T19:48:30","slug":"zmiany-w-planie-lekcji","status":"publish","type":"post","link":"http:\/\/zpo.podedworze.pl\/index.php\/2020\/09\/06\/zmiany-w-planie-lekcji\/","title":{"rendered":"Zmiany w planie lekcji"},"content":{"rendered":"\n<p>Szanowni Rodzice i Nauczyciele, <br>Drodzy Uczniowie,<\/p>\n\n\n\n<p>zmiany w planie lekcji wynikaj\u0105 z faktu, \u017ce Narodowe Forum Muzyki we Wroc\u0142awiu\u00a0wznowi\u0142o dzia\u0142ania w ramach Akademii Ch\u00f3ralnej. Nasza szko\u0142a otrzyma\u0142a dofinansowane na zaj\u0119cia z dzie\u0107mi. Spotkania ch\u00f3ru szkolnego uda\u0142o si\u0119 wkomponowa\u0107 w nowy plan lekcji.<\/p>\n\n\n\n<p>Z powa\u017caniem \u2013 Artur Becher, dyr. szko\u0142y<\/p>\n\n\n\n<div class=\"wp-block-file\"><a href=\"http:\/\/zpo.podedworze.pl\/wp-content\/uploads\/2020\/09\/Plan-lekcji-2020_2021_I_sem-1.pdf\"><strong>Plan lekcji 2020_2021_I_sem<\/strong><\/a><a href=\"http:\/\/zpo.podedworze.pl\/wp-content\/uploads\/2020\/09\/Plan-lekcji-2020_2021_I_sem-1.pdf\" class=\"wp-block-file__button\" download>Pobierz<\/a><\/div>\n","protected":false},"excerpt":{"rendered":"<p>Szanowni Rodzice i Nauczyciele, Drodzy Uczniowie, zmiany w planie lekcji wynikaj\u0105 z faktu, \u017ce Narodowe Forum Muzyki we Wroc\u0142awiu\u00a0wznowi\u0142o dzia\u0142ania w ramach Akademii Ch\u00f3ralnej. Nasza szko\u0142a otrzyma\u0142a dofinansowane na zaj\u0119cia z dzie\u0107mi. Spotkania ch\u00f3ru szkolnego&#8230;<\/p>\n","protected":false},"author":3,"featured_media":16098,"comment_status":"closed","ping_status":"closed","sticky":false,"template":"","format":"standard","meta":{"footnotes":""},"categories":[1],"tags":[],"class_list":["post-16095","post","type-post","status-publish","format-standard","has-post-thumbnail","hentry","category-bez-kategorii"],"_links":{"self":[{"href":"http:\/\/zpo.podedworze.pl\/index.php\/wp-json\/wp\/v2\/posts\/16095","targetHints":{"allow":["GET"]}}],"collection":[{"href":"http:\/\/zpo.podedworze.pl\/index.php\/wp-json\/wp\/v2\/posts"}],"about":[{"href":"http:\/\/zpo.podedworze.pl\/index.php\/wp-json\/wp\/v2\/types\/post"}],"author":[{"embeddable":true,"href":"http:\/\/zpo.podedworze.pl\/index.php\/wp-json\/wp\/v2\/users\/3"}],"replies":[{"embeddable":true,"href":"http:\/\/zpo.podedworze.pl\/index.php\/wp-json\/wp\/v2\/comments?post=16095"}],"version-history":[{"count":2,"href":"http:\/\/zpo.podedworze.pl\/index.php\/wp-json\/wp\/v2\/posts\/16095\/revisions"}],"predecessor-version":[{"id":16099,"href":"http:\/\/zpo.podedworze.pl\/index.php\/wp-json\/wp\/v2\/posts\/16095\/revisions\/16099"}],"wp:featuredmedia":[{"embeddable":true,"href":"http:\/\/zpo.podedworze.pl\/index.php\/wp-json\/wp\/v2\/media\/16098"}],"wp:attachment":[{"href":"http:\/\/zpo.podedworze.pl\/index.php\/wp-json\/wp\/v2\/media?parent=16095"}],"wp:term":[{"taxonomy":"category","embeddable":true,"href":"http:\/\/zpo.podedworze.pl\/index.php\/wp-json\/wp\/v2\/categories?post=16095"},{"taxonomy":"post_tag","embeddable":true,"href":"http:\/\/zpo.podedworze.pl\/index.php\/wp-json\/wp\/v2\/tags?post=16095"}],"curies":[{"name":"wp","href":"https:\/\/api.w.org\/{rel}","templated":true}]}}