{"id":16649,"date":"2020-10-31T11:04:15","date_gmt":"2020-10-31T10:04:15","guid":{"rendered":"http:\/\/zpo.podedworze.pl\/?p=16649"},"modified":"2020-10-31T11:04:15","modified_gmt":"2020-10-31T10:04:15","slug":"nauka-zdalna-w-naszej-szkole","status":"publish","type":"post","link":"http:\/\/zpo.podedworze.pl\/index.php\/2020\/10\/31\/nauka-zdalna-w-naszej-szkole\/","title":{"rendered":"Nauka zdalna w naszej szkole"},"content":{"rendered":"\n<p><strong><em>Szanowni Rodzice i Nauczyciele,<br>Drodzy Uczniowie,<\/em><\/strong><br>od 26 pa\u017adziernika 2020r.rozpocz\u0119li\u015bmy w klasach IV-VIII szko\u0142y podstawowej nauczanie na odleg\u0142o\u015b\u0107. Uwzgl\u0119dni\u0142em kierowane bezpo\u015brednio do mnie pro\u015bby Rodzic\u00f3w oraz wyniki badania ankietowego i przygotowa\u0142em techniczne i formalne podstawy do wprowadzenia <br>e-nauczania synchronicznego (online).<\/p>\n\n\n\n<p>Dzisiaj, bogatszy o do\u015bwiadczenia z ostatniego tygodnia, &nbsp;wiem, \u017ce warto by\u0142o podj\u0105\u0107 trud wielu dzia\u0142a\u0144, kt\u00f3re zaowocowa\u0142y mo\u017cliwo\u015bci\u0105 nieodp\u0142atnego korzystania przez uczni\u00f3w i nauczycieli z pakietu Microsoft Office 365. &nbsp;<\/p>\n\n\n\n<p>W poniedzia\u0142ek &#8211; 26 pa\u017adziernika 2020r. &#8211; wszyscy wiedzieli\u015bmy jakie mamy do wype\u0142nienia zadania.<\/p>\n\n\n\n<p>Na 45 uczni\u00f3w uczestnicz\u0105cych w nauczaniu zdalnym tylko dw\u00f3ch nie nawi\u0105za\u0142o po\u0142\u0105czenia w aplikacji Teams i nie do\u0142\u0105czy\u0142o do lekcji. W jednym przypadku zadecydowa\u0142 brak \u0142\u0105cza internetowego, w drugim \u2013 niesprawne po\u0142\u0105czenie internetowe. Analizuj\u0105c dane z tygodnia, pragn\u0119 poinformowa\u0107, \u017ce w nauczaniu online uczestniczy ju\u017c 100% uczni\u00f3w klas IV-VIII.<\/p>\n\n\n\n<p>Serdecznie dzi\u0119kuj\u0119 Wychowawcom oddzia\u0142\u00f3w klasowych i Rodzicom. Bez Pa\u0144stwa zaanga\u017cowania i wsp\u00f3\u0142pracy nie uda\u0142oby si\u0119 sprawnie wdro\u017cy\u0107 e-nauczania. Zdaj\u0119 sobie spraw\u0119, \u017ce wszystkim nam towarzyszy\u0142y i nadal towarzysz\u0105 liczne obawy. Czy podo\u0142amy wyzwaniom wynikaj\u0105cym z sytuacji epidemicznej w kraju?<br>Wierz\u0119, \u017ce dzi\u0119ki naszemu wsp\u00f3\u0142dzia\u0142aniu, dzieci osi\u0105gn\u0105 lepsze edukacyjne rezultaty.<\/p>\n\n\n\n<p>Szanowni Rodzice, prosz\u0119 o Pa\u0144stwa uwagi dotycz\u0105ce \u00a0edukacji online. W celu zapewnienia szybkiego kontaktu przygotowa\u0142em kr\u00f3tk\u0105 ankiet\u0119. Prosz\u0119 o jej wype\u0142nienie. Link do ankiety dost\u0119pny jest w dzienniku elektronicznym.<\/p>\n\n\n\n<p>\u0141\u0105cz\u0119 wyrazy szacunku \u2013 Artur Becher, dyr. szko\u0142y<\/p>\n","protected":false},"excerpt":{"rendered":"<p>Szanowni Rodzice i Nauczyciele,Drodzy Uczniowie,od 26 pa\u017adziernika 2020r.rozpocz\u0119li\u015bmy w klasach IV-VIII szko\u0142y podstawowej nauczanie na odleg\u0142o\u015b\u0107. Uwzgl\u0119dni\u0142em kierowane bezpo\u015brednio do mnie pro\u015bby Rodzic\u00f3w oraz wyniki badania ankietowego i przygotowa\u0142em techniczne i formalne podstawy do wprowadzenia&#8230;<\/p>\n","protected":false},"author":3,"featured_media":16650,"comment_status":"closed","ping_status":"closed","sticky":false,"template":"","format":"standard","meta":{"footnotes":""},"categories":[1],"tags":[],"class_list":["post-16649","post","type-post","status-publish","format-standard","has-post-thumbnail","hentry","category-bez-kategorii"],"_links":{"self":[{"href":"http:\/\/zpo.podedworze.pl\/index.php\/wp-json\/wp\/v2\/posts\/16649","targetHints":{"allow":["GET"]}}],"collection":[{"href":"http:\/\/zpo.podedworze.pl\/index.php\/wp-json\/wp\/v2\/posts"}],"about":[{"href":"http:\/\/zpo.podedworze.pl\/index.php\/wp-json\/wp\/v2\/types\/post"}],"author":[{"embeddable":true,"href":"http:\/\/zpo.podedworze.pl\/index.php\/wp-json\/wp\/v2\/users\/3"}],"replies":[{"embeddable":true,"href":"http:\/\/zpo.podedworze.pl\/index.php\/wp-json\/wp\/v2\/comments?post=16649"}],"version-history":[{"count":1,"href":"http:\/\/zpo.podedworze.pl\/index.php\/wp-json\/wp\/v2\/posts\/16649\/revisions"}],"predecessor-version":[{"id":16651,"href":"http:\/\/zpo.podedworze.pl\/index.php\/wp-json\/wp\/v2\/posts\/16649\/revisions\/16651"}],"wp:featuredmedia":[{"embeddable":true,"href":"http:\/\/zpo.podedworze.pl\/index.php\/wp-json\/wp\/v2\/media\/16650"}],"wp:attachment":[{"href":"http:\/\/zpo.podedworze.pl\/index.php\/wp-json\/wp\/v2\/media?parent=16649"}],"wp:term":[{"taxonomy":"category","embeddable":true,"href":"http:\/\/zpo.podedworze.pl\/index.php\/wp-json\/wp\/v2\/categories?post=16649"},{"taxonomy":"post_tag","embeddable":true,"href":"http:\/\/zpo.podedworze.pl\/index.php\/wp-json\/wp\/v2\/tags?post=16649"}],"curies":[{"name":"wp","href":"https:\/\/api.w.org\/{rel}","templated":true}]}}