{"id":16653,"date":"2020-11-02T09:07:17","date_gmt":"2020-11-02T08:07:17","guid":{"rendered":"http:\/\/zpo.podedworze.pl\/?p=16653"},"modified":"2020-11-02T10:43:14","modified_gmt":"2020-11-02T09:43:14","slug":"akademia-choralna-podsumowanie","status":"publish","type":"post","link":"http:\/\/zpo.podedworze.pl\/index.php\/2020\/11\/02\/akademia-choralna-podsumowanie\/","title":{"rendered":"Akademia Ch\u00f3ralna \u2013 podsumowanie"},"content":{"rendered":"\n<p class=\"has-drop-cap\">Powoli dobiega ko\u0144ca projekt Akademii Ch\u00f3ralnej realizowany w Zespole Plac\u00f3wek O\u015bwiatowych w Podedw\u00f3rzu. Pa\u017adziernik to czas podsumowa\u0144 ca\u0142orocznej pracy z ch\u00f3rem, kt\u00f3ra poprzez sytuacj\u0119 epidemiologiczn\u0105 w kraju nie przebiega\u0142a bez zak\u0142\u00f3ce\u0144. Pomimo edukacji zdalnej, kt\u00f3ra uniemo\u017cliwia\u0142a nam bezpo\u015bredni kontakt na pr\u00f3bach starali\u015bmy si\u0119 realizowa\u0107 zamierzone cele, doskonali\u0107 sw\u00f3j g\u0142os, rozwija\u0107 muzykalno\u015b\u0107. Efekty naszej pracy mo\u017cna zobaczy\u0107 w kr\u00f3tkim filmie, jaki uda\u0142o nam si\u0119 nagra\u0107 podczas jednej z pr\u00f3b. <\/p>\n\n\n\n<p>Bardzo dzi\u0119kujemy wszystkim ch\u00f3rzystom za zaanga\u017cowanie oraz prac\u0119 jak\u0105 w\u0142o\u017cyli\u015bcie w nauk\u0119 cz\u0119sto nie\u0142atwego repertuaru. Dzi\u0119kujemy r\u00f3wnie\u017c rodzicom za zaufanie i motywowanie dzieci do ucz\u0119szczania na zaj\u0119cia.<\/p>\n\n\n\n<p><strong><em>Agnieszka \u0141otysz &#8211; dyrygent, opiekun Ch\u00f3ru Szkolnego &#8222;Nutki&#8221;<br>Artur Becher &#8211; dyr. szko\u0142y<\/em><\/strong><\/p>\n\n\n\n<p>Link do filmu: <a href=\"https:\/\/drive.google.com\/file\/d\/1EHGkEKrkP_1WoIVnEmU4Ge_CNlVVHuZY\/view?usp=sharing\">https:\/\/youtu.be\/2TuJAPzUIH4<\/a><\/p>\n\n\n\n<figure class=\"wp-block-embed-youtube wp-block-embed is-type-video is-provider-youtube wp-embed-aspect-16-9 wp-has-aspect-ratio\"><div class=\"wp-block-embed__wrapper\">\n<iframe loading=\"lazy\" title=\"Akademia Choralna\" width=\"670\" height=\"377\" src=\"https:\/\/www.youtube.com\/embed\/2TuJAPzUIH4?feature=oembed\" frameborder=\"0\" allow=\"accelerometer; autoplay; clipboard-write; encrypted-media; gyroscope; picture-in-picture\" allowfullscreen><\/iframe>\n<\/div><\/figure>\n","protected":false},"excerpt":{"rendered":"<p>Powoli dobiega ko\u0144ca projekt Akademii Ch\u00f3ralnej realizowany w Zespole Plac\u00f3wek O\u015bwiatowych w Podedw\u00f3rzu. Pa\u017adziernik to czas podsumowa\u0144 ca\u0142orocznej pracy z ch\u00f3rem, kt\u00f3ra poprzez sytuacj\u0119 epidemiologiczn\u0105 w kraju nie przebiega\u0142a bez zak\u0142\u00f3ce\u0144. Pomimo edukacji zdalnej, kt\u00f3ra&#8230;<\/p>\n","protected":false},"author":3,"featured_media":16654,"comment_status":"closed","ping_status":"closed","sticky":false,"template":"","format":"standard","meta":{"footnotes":""},"categories":[1],"tags":[],"class_list":["post-16653","post","type-post","status-publish","format-standard","has-post-thumbnail","hentry","category-bez-kategorii"],"_links":{"self":[{"href":"http:\/\/zpo.podedworze.pl\/index.php\/wp-json\/wp\/v2\/posts\/16653","targetHints":{"allow":["GET"]}}],"collection":[{"href":"http:\/\/zpo.podedworze.pl\/index.php\/wp-json\/wp\/v2\/posts"}],"about":[{"href":"http:\/\/zpo.podedworze.pl\/index.php\/wp-json\/wp\/v2\/types\/post"}],"author":[{"embeddable":true,"href":"http:\/\/zpo.podedworze.pl\/index.php\/wp-json\/wp\/v2\/users\/3"}],"replies":[{"embeddable":true,"href":"http:\/\/zpo.podedworze.pl\/index.php\/wp-json\/wp\/v2\/comments?post=16653"}],"version-history":[{"count":3,"href":"http:\/\/zpo.podedworze.pl\/index.php\/wp-json\/wp\/v2\/posts\/16653\/revisions"}],"predecessor-version":[{"id":16658,"href":"http:\/\/zpo.podedworze.pl\/index.php\/wp-json\/wp\/v2\/posts\/16653\/revisions\/16658"}],"wp:featuredmedia":[{"embeddable":true,"href":"http:\/\/zpo.podedworze.pl\/index.php\/wp-json\/wp\/v2\/media\/16654"}],"wp:attachment":[{"href":"http:\/\/zpo.podedworze.pl\/index.php\/wp-json\/wp\/v2\/media?parent=16653"}],"wp:term":[{"taxonomy":"category","embeddable":true,"href":"http:\/\/zpo.podedworze.pl\/index.php\/wp-json\/wp\/v2\/categories?post=16653"},{"taxonomy":"post_tag","embeddable":true,"href":"http:\/\/zpo.podedworze.pl\/index.php\/wp-json\/wp\/v2\/tags?post=16653"}],"curies":[{"name":"wp","href":"https:\/\/api.w.org\/{rel}","templated":true}]}}