{"id":17407,"date":"2021-02-22T17:00:00","date_gmt":"2021-02-22T16:00:00","guid":{"rendered":"http:\/\/zpo.podedworze.pl\/?p=17407"},"modified":"2021-02-22T19:49:23","modified_gmt":"2021-02-22T18:49:23","slug":"miedzynarodowy-dzien-jezyka-ojczystego-2","status":"publish","type":"post","link":"http:\/\/zpo.podedworze.pl\/index.php\/2021\/02\/22\/miedzynarodowy-dzien-jezyka-ojczystego-2\/","title":{"rendered":"MI\u0118DZYNARODOWY DZIE\u0143 J\u0118ZYKA OJCZYSTEGO"},"content":{"rendered":"\n<p>21 lutego obchodzimy Mi\u0119dzynarodowy Dzie\u0144 J\u0119zyka Ojczystego. \u015awi\u0119to to ma na celu podkre\u015blenie r\u00f3\u017cnorodno\u015bci j\u0119zykowej \u015bwiata oraz zwr\u00f3cenie uwagi na j\u0119zyki zagro\u017cone i powoli gin\u0105ce. To r\u00f3wnie\u017c data, kt\u00f3ra ma przypomnie\u0107, \u017ce chroni\u0105c j\u0119zyk ojczysty &#8211; dbamy r\u00f3wnie\u017c o to\u017csamo\u015b\u0107 kulturow\u0105. Z tej okazji przygotowali\u015bmy dla Was kilka ciekawostek dotycz\u0105cych historii j\u0119zyka polskiego, zagadek i \u0142ama\u0144c\u00f3w j\u0119zykowych. Zapraszamy do zabawy! <\/p>\n\n\n\n<figure class=\"wp-block-image size-large\"><a href=\"https:\/\/view.genial.ly\/60313d6b8020020d2daa6c72\/presentation-miedzynarodowy-dzien-jezyka-ojczystego\" target=\"_blank\" rel=\"noopener\"><img loading=\"lazy\" decoding=\"async\" width=\"573\" height=\"190\" src=\"http:\/\/zpo.podedworze.pl\/wp-content\/uploads\/2021\/02\/Start-1.png\" alt=\"\" class=\"wp-image-17415\" srcset=\"http:\/\/zpo.podedworze.pl\/wp-content\/uploads\/2021\/02\/Start-1.png 573w, http:\/\/zpo.podedworze.pl\/wp-content\/uploads\/2021\/02\/Start-1-300x99.png 300w\" sizes=\"auto, (max-width: 573px) 100vw, 573px\" \/><\/a><\/figure>\n","protected":false},"excerpt":{"rendered":"<p>21 lutego obchodzimy Mi\u0119dzynarodowy Dzie\u0144 J\u0119zyka Ojczystego. \u015awi\u0119to to ma na celu podkre\u015blenie r\u00f3\u017cnorodno\u015bci j\u0119zykowej \u015bwiata oraz zwr\u00f3cenie uwagi na j\u0119zyki zagro\u017cone i powoli gin\u0105ce. To r\u00f3wnie\u017c data, kt\u00f3ra ma przypomnie\u0107, \u017ce chroni\u0105c j\u0119zyk ojczysty&#8230;<\/p>\n","protected":false},"author":5,"featured_media":17410,"comment_status":"closed","ping_status":"closed","sticky":false,"template":"","format":"standard","meta":{"footnotes":""},"categories":[1],"tags":[],"class_list":["post-17407","post","type-post","status-publish","format-standard","has-post-thumbnail","hentry","category-bez-kategorii"],"_links":{"self":[{"href":"http:\/\/zpo.podedworze.pl\/index.php\/wp-json\/wp\/v2\/posts\/17407","targetHints":{"allow":["GET"]}}],"collection":[{"href":"http:\/\/zpo.podedworze.pl\/index.php\/wp-json\/wp\/v2\/posts"}],"about":[{"href":"http:\/\/zpo.podedworze.pl\/index.php\/wp-json\/wp\/v2\/types\/post"}],"author":[{"embeddable":true,"href":"http:\/\/zpo.podedworze.pl\/index.php\/wp-json\/wp\/v2\/users\/5"}],"replies":[{"embeddable":true,"href":"http:\/\/zpo.podedworze.pl\/index.php\/wp-json\/wp\/v2\/comments?post=17407"}],"version-history":[{"count":8,"href":"http:\/\/zpo.podedworze.pl\/index.php\/wp-json\/wp\/v2\/posts\/17407\/revisions"}],"predecessor-version":[{"id":17418,"href":"http:\/\/zpo.podedworze.pl\/index.php\/wp-json\/wp\/v2\/posts\/17407\/revisions\/17418"}],"wp:featuredmedia":[{"embeddable":true,"href":"http:\/\/zpo.podedworze.pl\/index.php\/wp-json\/wp\/v2\/media\/17410"}],"wp:attachment":[{"href":"http:\/\/zpo.podedworze.pl\/index.php\/wp-json\/wp\/v2\/media?parent=17407"}],"wp:term":[{"taxonomy":"category","embeddable":true,"href":"http:\/\/zpo.podedworze.pl\/index.php\/wp-json\/wp\/v2\/categories?post=17407"},{"taxonomy":"post_tag","embeddable":true,"href":"http:\/\/zpo.podedworze.pl\/index.php\/wp-json\/wp\/v2\/tags?post=17407"}],"curies":[{"name":"wp","href":"https:\/\/api.w.org\/{rel}","templated":true}]}}