{"id":17514,"date":"2021-03-13T10:02:14","date_gmt":"2021-03-13T09:02:14","guid":{"rendered":"http:\/\/zpo.podedworze.pl\/?p=17514"},"modified":"2021-03-13T10:05:01","modified_gmt":"2021-03-13T09:05:01","slug":"nauka-zdalna-w-szkolach-nowe-zasady-organizacji-pracy-szkol-w-wybranych-wojewodztwach-od-15-do-28-marca-2021-r","status":"publish","type":"post","link":"http:\/\/zpo.podedworze.pl\/index.php\/2021\/03\/13\/nauka-zdalna-w-szkolach-nowe-zasady-organizacji-pracy-szkol-w-wybranych-wojewodztwach-od-15-do-28-marca-2021-r\/","title":{"rendered":"Nauka zdalna w szko\u0142ach \u2013 nowe zasady organizacji pracy szk\u00f3\u0142 w wybranych wojew\u00f3dztwach od 15 do 28 marca 2021 r."},"content":{"rendered":"\n<p>Szanowni Rodzice i Nauczyciele <br>Drodzy Uczniowie,<br>poni\u017cej zamieszczam informacj\u0119 otrzyman\u0105 z Ministerstwa Edukacji i Nauki w sprawie nauki zdalnej.<\/p>\n\n\n\n<p>Z powa\u017caniem &#8211; Artur Becher, dyr. szko\u0142y<\/p>\n\n\n\n<figure class=\"wp-block-table\"><table><tbody><tr><td><em>Szanowni Pa\u0144stwo Dyrektorzy,&nbsp;<\/em><br>od poniedzia\u0142ku, 15 marca br. uczniowie klas I-III szk\u00f3\u0142 podstawowych z wojew\u00f3dztw:&nbsp;<strong>lubuskiego, mazowieckiego, pomorskiego i warmi\u0144sko-mazurskiego<\/strong>&nbsp;b\u0119d\u0105 mieli zaj\u0119cia prowadzone&nbsp;<strong>w trybie hybrydowym.&nbsp;<\/strong>Dzieci i m\u0142odzie\u017c ze starszych klas nadal&nbsp;<strong>ucz\u0105 si\u0119 zdalnie<\/strong>.&nbsp;W pozosta\u0142ych wojew\u00f3dztwach nic si\u0119&nbsp;<strong>nie zmienia<\/strong>. Szko\u0142y i plac\u00f3wki o\u015bwiatowe w najbli\u017cszych dw\u00f3ch tygodniach b\u0119d\u0105 funkcjonowa\u0142y na dotychczasowych zasadach.&nbsp;W za\u0142\u0105czeniu przekazuj\u0119 komunikat w tej sprawie oraz tre\u015b\u0107 rozporz\u0105dzenia podpisanego przez Ministra Edukacji i Nauki. Obecnie rozporz\u0105dzenie czeka na publikacj\u0119 w Dzienniku Ustaw.&nbsp;<\/td><\/tr><tr><td><em>Z wyrazami szacunku<\/em><br>Anna Ostrowska<br>Rzecznik Prasowy&nbsp;<br>Ministerstwo Edukacji i Nauki<\/td><\/tr><\/tbody><\/table><\/figure>\n\n\n\n<div class=\"wp-block-file\"><a href=\"http:\/\/zpo.podedworze.pl\/wp-content\/uploads\/2021\/03\/komunikat_nauka_zdalna_w_szkolach_nowe_zasady.pdf\">komunikat_nauka_zdalna_w_szkolach_nowe_zasady<\/a><a href=\"http:\/\/zpo.podedworze.pl\/wp-content\/uploads\/2021\/03\/komunikat_nauka_zdalna_w_szkolach_nowe_zasady.pdf\" class=\"wp-block-file__button\" download>Pobierz<\/a><\/div>\n","protected":false},"excerpt":{"rendered":"<p>Szanowni Rodzice i Nauczyciele Drodzy Uczniowie,poni\u017cej zamieszczam informacj\u0119 otrzyman\u0105 z Ministerstwa Edukacji i Nauki w sprawie nauki zdalnej. Z powa\u017caniem &#8211; Artur Becher, dyr. szko\u0142y Szanowni Pa\u0144stwo Dyrektorzy,&nbsp;od poniedzia\u0142ku, 15 marca br. uczniowie klas I-III&#8230;<\/p>\n","protected":false},"author":3,"featured_media":17516,"comment_status":"closed","ping_status":"closed","sticky":false,"template":"","format":"standard","meta":{"footnotes":""},"categories":[1],"tags":[],"class_list":["post-17514","post","type-post","status-publish","format-standard","has-post-thumbnail","hentry","category-bez-kategorii"],"_links":{"self":[{"href":"http:\/\/zpo.podedworze.pl\/index.php\/wp-json\/wp\/v2\/posts\/17514","targetHints":{"allow":["GET"]}}],"collection":[{"href":"http:\/\/zpo.podedworze.pl\/index.php\/wp-json\/wp\/v2\/posts"}],"about":[{"href":"http:\/\/zpo.podedworze.pl\/index.php\/wp-json\/wp\/v2\/types\/post"}],"author":[{"embeddable":true,"href":"http:\/\/zpo.podedworze.pl\/index.php\/wp-json\/wp\/v2\/users\/3"}],"replies":[{"embeddable":true,"href":"http:\/\/zpo.podedworze.pl\/index.php\/wp-json\/wp\/v2\/comments?post=17514"}],"version-history":[{"count":3,"href":"http:\/\/zpo.podedworze.pl\/index.php\/wp-json\/wp\/v2\/posts\/17514\/revisions"}],"predecessor-version":[{"id":17519,"href":"http:\/\/zpo.podedworze.pl\/index.php\/wp-json\/wp\/v2\/posts\/17514\/revisions\/17519"}],"wp:featuredmedia":[{"embeddable":true,"href":"http:\/\/zpo.podedworze.pl\/index.php\/wp-json\/wp\/v2\/media\/17516"}],"wp:attachment":[{"href":"http:\/\/zpo.podedworze.pl\/index.php\/wp-json\/wp\/v2\/media?parent=17514"}],"wp:term":[{"taxonomy":"category","embeddable":true,"href":"http:\/\/zpo.podedworze.pl\/index.php\/wp-json\/wp\/v2\/categories?post=17514"},{"taxonomy":"post_tag","embeddable":true,"href":"http:\/\/zpo.podedworze.pl\/index.php\/wp-json\/wp\/v2\/tags?post=17514"}],"curies":[{"name":"wp","href":"https:\/\/api.w.org\/{rel}","templated":true}]}}