{"id":17538,"date":"2021-03-16T14:30:00","date_gmt":"2021-03-16T13:30:00","guid":{"rendered":"http:\/\/zpo.podedworze.pl\/?p=17538"},"modified":"2021-03-16T18:16:46","modified_gmt":"2021-03-16T17:16:46","slug":"kontynuacja-edukacji-w-zespole-placowek-oswiatowych-w-podedworzu-przedszkole-samorzadowe-wykaz","status":"publish","type":"post","link":"http:\/\/zpo.podedworze.pl\/index.php\/2021\/03\/16\/kontynuacja-edukacji-w-zespole-placowek-oswiatowych-w-podedworzu-przedszkole-samorzadowe-wykaz\/","title":{"rendered":"Kontynuacja edukacji w Zespole Plac\u00f3wek O\u015bwiatowych w Podedw\u00f3rzu Przedszkole Samorz\u0105dowe &#8211; wykaz dzieci"},"content":{"rendered":"\n<p class=\"has-medium-font-size\">Komisja Rekrutacyjna&nbsp; ustali\u0142a liczb\u0119 dzieci kontynuuj\u0105cych edukacj\u0119 w Zespole Plac\u00f3wek O\u015bwiatowych w Podedw\u00f3rzu Przedszkolu Samorz\u0105dowym oraz liczb\u0119 wolnych miejsc w Przedszkolu Samorz\u0105dowym w Podedw\u00f3rzu.<\/p>\n\n\n\n<h1 class=\"has-medium-font-size wp-block-heading\"><strong>Liczba wolnych miejsc w poszczeg\u00f3lnych grupach wiekowych:<br>roczne przygotowanie przedszkolne \u2013 20 wolnych miejsc;<br>grupa 3- 4 -5 latk\u00f3w \u2013 5 wolnych miejsc.<\/strong><\/h1>\n\n\n\n<p class=\"has-medium-font-size\">W za\u0142\u0105czeniu protok\u00f3\u0142 Komisji Rekrutacyjnej oraz wykaz dzieci <strong>kontynuuj\u0105cych edukacj\u0119 w Zespole Plac\u00f3wek O\u015bwiatowych w Podedw\u00f3rzu Przedszkole Samorz\u0105dowe w roku szkolnym 2020\/21<\/strong>.<\/p>\n\n\n\n<div class=\"wp-block-file\"><a href=\"http:\/\/zpo.podedworze.pl\/wp-content\/uploads\/2021\/03\/rekrutacja_przedszkole.pdf\">rekrutacja_przedszkole_1<\/a><a href=\"http:\/\/zpo.podedworze.pl\/wp-content\/uploads\/2021\/03\/rekrutacja_przedszkole.pdf\" class=\"wp-block-file__button\" download>Pobierz<\/a><\/div>\n\n\n\n<p><br><\/p>\n","protected":false},"excerpt":{"rendered":"<p>Komisja Rekrutacyjna&nbsp; ustali\u0142a liczb\u0119 dzieci kontynuuj\u0105cych edukacj\u0119 w Zespole Plac\u00f3wek O\u015bwiatowych w Podedw\u00f3rzu Przedszkolu Samorz\u0105dowym oraz liczb\u0119 wolnych miejsc w Przedszkolu Samorz\u0105dowym w Podedw\u00f3rzu. Liczba wolnych miejsc w poszczeg\u00f3lnych grupach wiekowych:roczne przygotowanie przedszkolne \u2013 20&#8230;<\/p>\n","protected":false},"author":3,"featured_media":17541,"comment_status":"closed","ping_status":"closed","sticky":false,"template":"","format":"standard","meta":{"footnotes":""},"categories":[1],"tags":[],"class_list":["post-17538","post","type-post","status-publish","format-standard","has-post-thumbnail","hentry","category-bez-kategorii"],"_links":{"self":[{"href":"http:\/\/zpo.podedworze.pl\/index.php\/wp-json\/wp\/v2\/posts\/17538","targetHints":{"allow":["GET"]}}],"collection":[{"href":"http:\/\/zpo.podedworze.pl\/index.php\/wp-json\/wp\/v2\/posts"}],"about":[{"href":"http:\/\/zpo.podedworze.pl\/index.php\/wp-json\/wp\/v2\/types\/post"}],"author":[{"embeddable":true,"href":"http:\/\/zpo.podedworze.pl\/index.php\/wp-json\/wp\/v2\/users\/3"}],"replies":[{"embeddable":true,"href":"http:\/\/zpo.podedworze.pl\/index.php\/wp-json\/wp\/v2\/comments?post=17538"}],"version-history":[{"count":5,"href":"http:\/\/zpo.podedworze.pl\/index.php\/wp-json\/wp\/v2\/posts\/17538\/revisions"}],"predecessor-version":[{"id":17547,"href":"http:\/\/zpo.podedworze.pl\/index.php\/wp-json\/wp\/v2\/posts\/17538\/revisions\/17547"}],"wp:featuredmedia":[{"embeddable":true,"href":"http:\/\/zpo.podedworze.pl\/index.php\/wp-json\/wp\/v2\/media\/17541"}],"wp:attachment":[{"href":"http:\/\/zpo.podedworze.pl\/index.php\/wp-json\/wp\/v2\/media?parent=17538"}],"wp:term":[{"taxonomy":"category","embeddable":true,"href":"http:\/\/zpo.podedworze.pl\/index.php\/wp-json\/wp\/v2\/categories?post=17538"},{"taxonomy":"post_tag","embeddable":true,"href":"http:\/\/zpo.podedworze.pl\/index.php\/wp-json\/wp\/v2\/tags?post=17538"}],"curies":[{"name":"wp","href":"https:\/\/api.w.org\/{rel}","templated":true}]}}