{"id":17548,"date":"2021-03-17T15:27:18","date_gmt":"2021-03-17T14:27:18","guid":{"rendered":"http:\/\/zpo.podedworze.pl\/?p=17548"},"modified":"2021-03-17T15:27:18","modified_gmt":"2021-03-17T14:27:18","slug":"tydzien-zawodow-czas-na-strzal-w-10","status":"publish","type":"post","link":"http:\/\/zpo.podedworze.pl\/index.php\/2021\/03\/17\/tydzien-zawodow-czas-na-strzal-w-10\/","title":{"rendered":"Tydzie\u0144 zawod\u00f3w \u2013 czas na strza\u0142 w 10!"},"content":{"rendered":"\n<p class=\"has-medium-font-size\"><strong>Szanowni Pa\u0144stwo \u2013 Rodzice i Nauczyciele,<br>Drodzy Uczniowie klas VII-VIII<\/strong>,<\/p>\n\n\n\n<p class=\"has-medium-font-size\">poni\u017cej zamieszczam informacje otrzymane z Lubelskiego Kuratorium O\u015bwiaty  dotycz\u0105ce cennej inicjatywy pn. \u201eZawodowy strza\u0142 w10!\u201d.  W za\u0142\u0105czeniu udost\u0119pniam r\u00f3wnie\u017c list Lubelskiego Kuratora O\u015bwiaty do Rodzic\u00f3w i Uczni\u00f3w.<\/p>\n\n\n\n<p class=\"has-medium-font-size\"><strong><em>Z powa\u017caniem &#8211; Artur Becher, dyr. szko\u0142y<\/em><\/strong><\/p>\n\n\n\n<div class=\"wp-block-file\"><a href=\"http:\/\/zpo.podedworze.pl\/wp-content\/uploads\/2021\/03\/list-LKO-do-uczniow-i-rodzicow.pdf\">list-LKO-do-uczniow-i-rodzicow<\/a><a href=\"http:\/\/zpo.podedworze.pl\/wp-content\/uploads\/2021\/03\/list-LKO-do-uczniow-i-rodzicow.pdf\" class=\"wp-block-file__button\" download>Pobierz<\/a><\/div>\n\n\n\n<p class=\"has-medium-font-size\">&#8222;W ramach akcji \u201eZawodowy strza\u0142 w10!\u201d planowane jest kolejne dzia\u0142anie s\u0142u\u017c\u0105ce pomocy w wyborze dalszego etapu kszta\u0142cenia dla przysz\u0142ych absolwent\u00f3w szk\u00f3\u0142 podstawowych oraz promocji szk\u00f3\u0142 kszta\u0142c\u0105cych w zawodach w wojew\u00f3dztwie lubelskim \u2013 \u201eTydzie\u0144 zawod\u00f3w \u2013 czas na strza\u0142 w 10!\u201d.<br>W ramach tej akcji Uczniowie i ich Rodzice b\u0119d\u0105 mieli mo\u017cliwo\u015b\u0107 skontaktowania si\u0119 telefonicznego z doradcami zawodowymi, kt\u00f3rzy b\u0119d\u0105 w okre\u015blonych godzinach dy\u017curowali pod wskazanymi ni\u017cej numerami telefon\u00f3w.<br>Rodzice i Uczniowie b\u0119d\u0105 mieli mo\u017cliwo\u015b\u0107 porozmawiania z wykwalifikowanymi doradcami zawodowymi o zasadach dokonywania wyboru szko\u0142y, ofercie szk\u00f3\u0142 i zawod\u00f3w w naszym wojew\u00f3dztwie oraz upewni\u0107 si\u0119 w dokonanych ju\u017c wyborach. W razie szczeg\u00f3\u0142owych pyta\u0144 o kszta\u0142cenie w poszczeg\u00f3lnych zawodach czy szko\u0142ach doradcy b\u0119d\u0105 kierowali zainteresowanych do konkretnych szk\u00f3\u0142. W indywidualnych przypadkach doradcy zawodowi b\u0119d\u0105 podawali kontakt do poradni psychologiczno-pedagogicznej b\u0119d\u0105cej w rejonie szko\u0142y, do kt\u00f3rej ucz\u0119szcza ucze\u0144. Zar\u00f3wno w szko\u0142ach jak i poradniach pe\u0142ni\u0107 b\u0119d\u0105 dy\u017cury osoby kompetentne, kt\u00f3re b\u0119d\u0105 mog\u0142y wspiera\u0107 zainteresowanych i odpowiada\u0107 na pytania.<br>Proponowana Pa\u0144stwu sie\u0107 wsparcia b\u0119dzie funkcjonowa\u0142a przez tydzie\u0144 \u2013 od 22 do 26 marca 2021 r., w godzinach:<br>\u2022\u00a0\u00a0 \u00a0od 10.00 do 15.00 \u2013 w poniedzia\u0142ek, wtorek i \u015brod\u0119 (22-24.03.2021 r.),<br>\u2022\u00a0\u00a0 \u00a0od 12.00 do 17.00 \u2013 w czwartek i pi\u0105tek (25-26.03.2021 r.).<br>Numery telefon\u00f3w, przy kt\u00f3rych b\u0119d\u0105 dy\u017curowali doradcy zawodowi:<br>1)\u00a0\u00a0 \u00a081 747 35 26<br>2)\u00a0\u00a0 \u00a0500 303 388<br>3)\u00a0\u00a0 \u00a0509 731 851<br>4)\u00a0\u00a0 \u00a081 5341010<br>5)\u00a0\u00a0 \u00a0815853106<br>6)\u00a0\u00a0 \u00a082 5664110<br>Rodzice i Uczniowie mog\u0105 tak\u017ce dzwoni\u0107 w tym tygodniu bezpo\u015brednio do szk\u00f3\u0142 kszta\u0142c\u0105cych w zawodach, wykorzystuj\u0105c kontakt podany w informatorze o szko\u0142ach ponadpodstawowych wojew\u00f3dztwa lubelskiego na rok szkolny 2021\/2022\u00a0<a rel=\"noreferrer noopener\" href=\"https:\/\/www.kuratorium.lublin.pl\/informator.php\" target=\"_blank\"><strong>https:\/\/www.kuratorium.lublin.pl\/informator.php<\/strong><\/a>\u00a0.&#8221;<br><\/p>\n","protected":false},"excerpt":{"rendered":"<p>Szanowni Pa\u0144stwo \u2013 Rodzice i Nauczyciele,Drodzy Uczniowie klas VII-VIII, poni\u017cej zamieszczam informacje otrzymane z Lubelskiego Kuratorium O\u015bwiaty dotycz\u0105ce cennej inicjatywy pn. \u201eZawodowy strza\u0142 w10!\u201d. W za\u0142\u0105czeniu udost\u0119pniam r\u00f3wnie\u017c list Lubelskiego Kuratora O\u015bwiaty do Rodzic\u00f3w i&#8230;<\/p>\n","protected":false},"author":3,"featured_media":17550,"comment_status":"closed","ping_status":"closed","sticky":false,"template":"","format":"standard","meta":{"footnotes":""},"categories":[1],"tags":[],"class_list":["post-17548","post","type-post","status-publish","format-standard","has-post-thumbnail","hentry","category-bez-kategorii"],"_links":{"self":[{"href":"http:\/\/zpo.podedworze.pl\/index.php\/wp-json\/wp\/v2\/posts\/17548","targetHints":{"allow":["GET"]}}],"collection":[{"href":"http:\/\/zpo.podedworze.pl\/index.php\/wp-json\/wp\/v2\/posts"}],"about":[{"href":"http:\/\/zpo.podedworze.pl\/index.php\/wp-json\/wp\/v2\/types\/post"}],"author":[{"embeddable":true,"href":"http:\/\/zpo.podedworze.pl\/index.php\/wp-json\/wp\/v2\/users\/3"}],"replies":[{"embeddable":true,"href":"http:\/\/zpo.podedworze.pl\/index.php\/wp-json\/wp\/v2\/comments?post=17548"}],"version-history":[{"count":1,"href":"http:\/\/zpo.podedworze.pl\/index.php\/wp-json\/wp\/v2\/posts\/17548\/revisions"}],"predecessor-version":[{"id":17551,"href":"http:\/\/zpo.podedworze.pl\/index.php\/wp-json\/wp\/v2\/posts\/17548\/revisions\/17551"}],"wp:featuredmedia":[{"embeddable":true,"href":"http:\/\/zpo.podedworze.pl\/index.php\/wp-json\/wp\/v2\/media\/17550"}],"wp:attachment":[{"href":"http:\/\/zpo.podedworze.pl\/index.php\/wp-json\/wp\/v2\/media?parent=17548"}],"wp:term":[{"taxonomy":"category","embeddable":true,"href":"http:\/\/zpo.podedworze.pl\/index.php\/wp-json\/wp\/v2\/categories?post=17548"},{"taxonomy":"post_tag","embeddable":true,"href":"http:\/\/zpo.podedworze.pl\/index.php\/wp-json\/wp\/v2\/tags?post=17548"}],"curies":[{"name":"wp","href":"https:\/\/api.w.org\/{rel}","templated":true}]}}