{"id":17768,"date":"2021-04-02T08:53:14","date_gmt":"2021-04-02T06:53:14","guid":{"rendered":"http:\/\/zpo.podedworze.pl\/?p=17768"},"modified":"2021-04-02T08:53:14","modified_gmt":"2021-04-02T06:53:14","slug":"zyczenia-swiateczne-z-ministerstwa-edukacji-i-nauki","status":"publish","type":"post","link":"http:\/\/zpo.podedworze.pl\/index.php\/2021\/04\/02\/zyczenia-swiateczne-z-ministerstwa-edukacji-i-nauki\/","title":{"rendered":"\u017byczenia \u015bwi\u0105teczne z Ministerstwa Edukacji i Nauki"},"content":{"rendered":"\n<figure class=\"wp-block-image size-large is-resized\"><img loading=\"lazy\" decoding=\"async\" src=\"http:\/\/zpo.podedworze.pl\/wp-content\/uploads\/2021\/04\/men_zyczenia-1024x571.png\" alt=\"\" class=\"wp-image-17769\" width=\"833\" height=\"464\" srcset=\"http:\/\/zpo.podedworze.pl\/wp-content\/uploads\/2021\/04\/men_zyczenia-1024x571.png 1024w, http:\/\/zpo.podedworze.pl\/wp-content\/uploads\/2021\/04\/men_zyczenia-300x167.png 300w, http:\/\/zpo.podedworze.pl\/wp-content\/uploads\/2021\/04\/men_zyczenia-768x428.png 768w, http:\/\/zpo.podedworze.pl\/wp-content\/uploads\/2021\/04\/men_zyczenia-1536x856.png 1536w, http:\/\/zpo.podedworze.pl\/wp-content\/uploads\/2021\/04\/men_zyczenia-655x365.png 655w, http:\/\/zpo.podedworze.pl\/wp-content\/uploads\/2021\/04\/men_zyczenia.png 1817w\" sizes=\"auto, (max-width: 833px) 100vw, 833px\" \/><\/figure>\n\n\n\n<p><\/p>\n","protected":false},"excerpt":{"rendered":"","protected":false},"author":3,"featured_media":17770,"comment_status":"closed","ping_status":"closed","sticky":false,"template":"","format":"standard","meta":{"footnotes":""},"categories":[1],"tags":[],"class_list":["post-17768","post","type-post","status-publish","format-standard","has-post-thumbnail","hentry","category-bez-kategorii"],"_links":{"self":[{"href":"http:\/\/zpo.podedworze.pl\/index.php\/wp-json\/wp\/v2\/posts\/17768","targetHints":{"allow":["GET"]}}],"collection":[{"href":"http:\/\/zpo.podedworze.pl\/index.php\/wp-json\/wp\/v2\/posts"}],"about":[{"href":"http:\/\/zpo.podedworze.pl\/index.php\/wp-json\/wp\/v2\/types\/post"}],"author":[{"embeddable":true,"href":"http:\/\/zpo.podedworze.pl\/index.php\/wp-json\/wp\/v2\/users\/3"}],"replies":[{"embeddable":true,"href":"http:\/\/zpo.podedworze.pl\/index.php\/wp-json\/wp\/v2\/comments?post=17768"}],"version-history":[{"count":1,"href":"http:\/\/zpo.podedworze.pl\/index.php\/wp-json\/wp\/v2\/posts\/17768\/revisions"}],"predecessor-version":[{"id":17771,"href":"http:\/\/zpo.podedworze.pl\/index.php\/wp-json\/wp\/v2\/posts\/17768\/revisions\/17771"}],"wp:featuredmedia":[{"embeddable":true,"href":"http:\/\/zpo.podedworze.pl\/index.php\/wp-json\/wp\/v2\/media\/17770"}],"wp:attachment":[{"href":"http:\/\/zpo.podedworze.pl\/index.php\/wp-json\/wp\/v2\/media?parent=17768"}],"wp:term":[{"taxonomy":"category","embeddable":true,"href":"http:\/\/zpo.podedworze.pl\/index.php\/wp-json\/wp\/v2\/categories?post=17768"},{"taxonomy":"post_tag","embeddable":true,"href":"http:\/\/zpo.podedworze.pl\/index.php\/wp-json\/wp\/v2\/tags?post=17768"}],"curies":[{"name":"wp","href":"https:\/\/api.w.org\/{rel}","templated":true}]}}