{"id":17868,"date":"2021-04-13T18:46:42","date_gmt":"2021-04-13T16:46:42","guid":{"rendered":"http:\/\/zpo.podedworze.pl\/?p=17868"},"modified":"2021-04-13T18:46:42","modified_gmt":"2021-04-13T16:46:42","slug":"pamietamy-81-rocznica-zbrodni-katynskiej","status":"publish","type":"post","link":"http:\/\/zpo.podedworze.pl\/index.php\/2021\/04\/13\/pamietamy-81-rocznica-zbrodni-katynskiej\/","title":{"rendered":"Pami\u0119tamy. 81. rocznica Zbrodni Katy\u0144skiej"},"content":{"rendered":"\n<p>13 kwietnia obchodzimy Dzie\u0144 Pami\u0119ci Ofiar Zbrodni Katy\u0144skiej. Ludob\u00f3jstwo, dokonane przez funkcjonariuszy NKWD na blisko 22 tys. obywatelach II Rzeczypospolitej, do dzi\u015b pozostaje niezabli\u017anion\u0105 ran\u0105. W\u015br\u00f3d nich by\u0142o 14,5 tys. je\u0144c\u00f3w wojennych \u2013 oficer\u00f3w i policjant\u00f3w \u2013 z oboz\u00f3w w Kozielsku, Starobielsku i Ostaszkowie oraz 7,3 tys. wi\u0119\u017ani\u00f3w aresztowanych na terenach okupowanych przez ZSRS.<\/p>\n\n\n\n<p>Decyzja Biura Politycznego KC WKP(b) z 5 marca 1940 r. o likwidacji polskich je\u0144c\u00f3w wojennych bez wzywania aresztowanych, bez przedstawiania im zarzut\u00f3w, decyzji o zako\u0144czeniu \u015bledztwa ani aktu oskar\u017cenia, do dzi\u015b budzi przera\u017cenie. Ju\u017c 3 kwietnia 1940 roku rozpocz\u0119\u0142a si\u0119 likwidacja obozu w Kozielsku. Wszystkich zgromadzonych w nim je\u0144c\u00f3w zabito w katy\u0144skim lesie. Przez kolejne sze\u015b\u0107 tygodni kolejni polscy oficerowie byli wywo\u017ceni &nbsp;z oboz\u00f3w i rozstrzeliwani: \u017co\u0142nierze ze Starobielska \u2013 w Charkowie, a policjanci z Ostaszkowa \u2013 w Kalininie. Kolejnych mord\u00f3w NKWD dokona\u0142o w Chersoniu, Charkowie, Kijowie i Mi\u0144sku.<\/p>\n\n\n\n<p>Dzi\u015b Katy\u0144 jest nie tylko miejscem straszliwej zbrodni, ale r\u00f3wnie\u017c symbolem pami\u0119ci o wymordowanej polskiej inteligencji oraz nieust\u0119pliwego d\u0105\u017cenia do prawdy. <\/p>\n\n\n\n<div class=\"wp-block-file\"><a href=\"http:\/\/zpo.podedworze.pl\/wp-content\/uploads\/2021\/04\/katyn_wystawa_elementarna_02_04maly.pdf\">katyn_wystawa_elementarna_02_04maly<\/a><\/div>\n\n\n\n<p>Materia\u0142y pochodz\u0105 ze strony IPN.<\/p>\n","protected":false},"excerpt":{"rendered":"<p>13 kwietnia obchodzimy Dzie\u0144 Pami\u0119ci Ofiar Zbrodni Katy\u0144skiej. Ludob\u00f3jstwo, dokonane przez funkcjonariuszy NKWD na blisko 22 tys. obywatelach II Rzeczypospolitej, do dzi\u015b pozostaje niezabli\u017anion\u0105 ran\u0105. W\u015br\u00f3d nich by\u0142o 14,5 tys. je\u0144c\u00f3w wojennych \u2013 oficer\u00f3w i&#8230;<\/p>\n","protected":false},"author":5,"featured_media":17869,"comment_status":"closed","ping_status":"closed","sticky":false,"template":"","format":"standard","meta":{"footnotes":""},"categories":[1],"tags":[],"class_list":["post-17868","post","type-post","status-publish","format-standard","has-post-thumbnail","hentry","category-bez-kategorii"],"_links":{"self":[{"href":"http:\/\/zpo.podedworze.pl\/index.php\/wp-json\/wp\/v2\/posts\/17868","targetHints":{"allow":["GET"]}}],"collection":[{"href":"http:\/\/zpo.podedworze.pl\/index.php\/wp-json\/wp\/v2\/posts"}],"about":[{"href":"http:\/\/zpo.podedworze.pl\/index.php\/wp-json\/wp\/v2\/types\/post"}],"author":[{"embeddable":true,"href":"http:\/\/zpo.podedworze.pl\/index.php\/wp-json\/wp\/v2\/users\/5"}],"replies":[{"embeddable":true,"href":"http:\/\/zpo.podedworze.pl\/index.php\/wp-json\/wp\/v2\/comments?post=17868"}],"version-history":[{"count":4,"href":"http:\/\/zpo.podedworze.pl\/index.php\/wp-json\/wp\/v2\/posts\/17868\/revisions"}],"predecessor-version":[{"id":17877,"href":"http:\/\/zpo.podedworze.pl\/index.php\/wp-json\/wp\/v2\/posts\/17868\/revisions\/17877"}],"wp:featuredmedia":[{"embeddable":true,"href":"http:\/\/zpo.podedworze.pl\/index.php\/wp-json\/wp\/v2\/media\/17869"}],"wp:attachment":[{"href":"http:\/\/zpo.podedworze.pl\/index.php\/wp-json\/wp\/v2\/media?parent=17868"}],"wp:term":[{"taxonomy":"category","embeddable":true,"href":"http:\/\/zpo.podedworze.pl\/index.php\/wp-json\/wp\/v2\/categories?post=17868"},{"taxonomy":"post_tag","embeddable":true,"href":"http:\/\/zpo.podedworze.pl\/index.php\/wp-json\/wp\/v2\/tags?post=17868"}],"curies":[{"name":"wp","href":"https:\/\/api.w.org\/{rel}","templated":true}]}}