{"id":18438,"date":"2021-07-29T11:25:58","date_gmt":"2021-07-29T09:25:58","guid":{"rendered":"http:\/\/zpo.podedworze.pl\/?p=18438"},"modified":"2021-07-29T11:25:58","modified_gmt":"2021-07-29T09:25:58","slug":"podziekowanie-dyrektora-szkoly","status":"publish","type":"post","link":"http:\/\/zpo.podedworze.pl\/index.php\/2021\/07\/29\/podziekowanie-dyrektora-szkoly\/","title":{"rendered":"Podzi\u0119kowanie dyrektora szko\u0142y"},"content":{"rendered":"\n<p><strong>Szanowni Pa\u0144stwo<\/strong> <strong>\u2013 Rodzice i Nauczyciele,<br>Drodzy Uczniowie,<\/strong><\/p>\n\n\n\n<p>ko\u0144cz\u0105c kadencj\u0119 na stanowisku Dyrektora Zespo\u0142u Plac\u00f3wek O\u015bwiatowych w Podedw\u00f3rzu pragn\u0119 podzi\u0119kowa\u0107 za wsparcie moich dzia\u0142a\u0144 na rzecz naszej szko\u0142y, a przede wszystkim uczni\u00f3w, kt\u00f3rzy do niej ucz\u0119szczali i ucz\u0119szczaj\u0105. Z Wasz\u0105 \u017cyczliwo\u015bci\u0105, sympati\u0105, dowodami szacunku spotyka\u0142em si\u0119 na co dzie\u0144. Nie ukrywam, \u017ce by\u0142o mi to bardzo potrzebne i podtrzymywa\u0142o na duchu, zw\u0142aszcza w chwilach trudnych.<\/p>\n\n\n\n<p>Zamykam rozdzia\u0142 swojego \u017cycia zawodowego z poczuciem dobrze spe\u0142nionego obowi\u0105zku, zdaj\u0105c sobie jednocze\u015bnie spraw\u0119 z tego, \u017ce zawsze mo\u017cna wi\u0119cej i lepiej. Przez ostatnie cztery lata dzia\u0142a\u0142em i anga\u017cowa\u0142em si\u0119 w prac\u0119 ca\u0142ym sercem i dzi\u0119ki temu uda\u0142o si\u0119 w tym czasie dokona\u0107 wielu zmian na lepsze. Jestem przekonany, \u017ce pomimo wszystko warto by\u0142o si\u0119 stara\u0107, stawia\u0107 czo\u0142a r\u00f3\u017cnym przeciwno\u015bciom. Bo rado\u015b\u0107 i u\u015bmiech uczni\u00f3w zawsze by\u0142y dla mnie najcenniejsze.<\/p>\n\n\n\n<p>Dzi\u0119kuj\u0119 Pani Marcie Baj za sprawne przej\u0119cie dyrektorskich obowi\u0105zk\u00f3w, \u017cycz\u0105c jednocze\u015bnie Pani Dyrektor spe\u0142nienia zawodowych marze\u0144.<\/p>\n\n\n\n<p>Pozdrawiam wszystkich serdecznie.<\/p>\n\n\n\n<p>Z wyrazami wdzi\u0119czno\u015bci &nbsp;\u2013 Artur Becher<\/p>\n","protected":false},"excerpt":{"rendered":"<p>Szanowni Pa\u0144stwo \u2013 Rodzice i Nauczyciele,Drodzy Uczniowie, ko\u0144cz\u0105c kadencj\u0119 na stanowisku Dyrektora Zespo\u0142u Plac\u00f3wek O\u015bwiatowych w Podedw\u00f3rzu pragn\u0119 podzi\u0119kowa\u0107 za wsparcie moich dzia\u0142a\u0144 na rzecz naszej szko\u0142y, a przede wszystkim uczni\u00f3w, kt\u00f3rzy do niej ucz\u0119szczali&#8230;<\/p>\n","protected":false},"author":3,"featured_media":18439,"comment_status":"closed","ping_status":"closed","sticky":false,"template":"","format":"standard","meta":{"footnotes":""},"categories":[1],"tags":[],"class_list":["post-18438","post","type-post","status-publish","format-standard","has-post-thumbnail","hentry","category-bez-kategorii"],"_links":{"self":[{"href":"http:\/\/zpo.podedworze.pl\/index.php\/wp-json\/wp\/v2\/posts\/18438","targetHints":{"allow":["GET"]}}],"collection":[{"href":"http:\/\/zpo.podedworze.pl\/index.php\/wp-json\/wp\/v2\/posts"}],"about":[{"href":"http:\/\/zpo.podedworze.pl\/index.php\/wp-json\/wp\/v2\/types\/post"}],"author":[{"embeddable":true,"href":"http:\/\/zpo.podedworze.pl\/index.php\/wp-json\/wp\/v2\/users\/3"}],"replies":[{"embeddable":true,"href":"http:\/\/zpo.podedworze.pl\/index.php\/wp-json\/wp\/v2\/comments?post=18438"}],"version-history":[{"count":1,"href":"http:\/\/zpo.podedworze.pl\/index.php\/wp-json\/wp\/v2\/posts\/18438\/revisions"}],"predecessor-version":[{"id":18440,"href":"http:\/\/zpo.podedworze.pl\/index.php\/wp-json\/wp\/v2\/posts\/18438\/revisions\/18440"}],"wp:featuredmedia":[{"embeddable":true,"href":"http:\/\/zpo.podedworze.pl\/index.php\/wp-json\/wp\/v2\/media\/18439"}],"wp:attachment":[{"href":"http:\/\/zpo.podedworze.pl\/index.php\/wp-json\/wp\/v2\/media?parent=18438"}],"wp:term":[{"taxonomy":"category","embeddable":true,"href":"http:\/\/zpo.podedworze.pl\/index.php\/wp-json\/wp\/v2\/categories?post=18438"},{"taxonomy":"post_tag","embeddable":true,"href":"http:\/\/zpo.podedworze.pl\/index.php\/wp-json\/wp\/v2\/tags?post=18438"}],"curies":[{"name":"wp","href":"https:\/\/api.w.org\/{rel}","templated":true}]}}