{"id":18444,"date":"2021-08-26T20:02:12","date_gmt":"2021-08-26T18:02:12","guid":{"rendered":"http:\/\/zpo.podedworze.pl\/?p=18444"},"modified":"2021-08-26T20:02:12","modified_gmt":"2021-08-26T18:02:12","slug":"wyprawka-przedszkolaka-2021-2022","status":"publish","type":"post","link":"http:\/\/zpo.podedworze.pl\/index.php\/2021\/08\/26\/wyprawka-przedszkolaka-2021-2022\/","title":{"rendered":"Wyprawka przedszkolaka 2021\/2022"},"content":{"rendered":"\n<figure class=\"wp-block-image size-full\"><img loading=\"lazy\" decoding=\"async\" width=\"379\" height=\"133\" src=\"http:\/\/zpo.podedworze.pl\/wp-content\/uploads\/2021\/08\/images.png\" alt=\"\" class=\"wp-image-18445\" srcset=\"http:\/\/zpo.podedworze.pl\/wp-content\/uploads\/2021\/08\/images.png 379w, http:\/\/zpo.podedworze.pl\/wp-content\/uploads\/2021\/08\/images-300x105.png 300w\" sizes=\"auto, (max-width: 379px) 100vw, 379px\" \/><\/figure>\n\n\n\n<p><strong>Wyposa\u017cenie:<\/strong><\/p>\n\n\n\n<ul class=\"wp-block-list\"><li>farby akwarele, kubeczek na wod\u0119, dwa p\u0119dzelki \u2013 cienki i gruby<\/li><li>kredki o\u0142\u00f3wkowe bambino<\/li><li>plastelina i podk\u0142adka do lepienia<\/li><li>klej szkolny, klej w sztyfcie<\/li><li>o\u0142\u00f3wek mi\u0119kki<\/li><li>zeszyt w trzy linie ( dla sze\u015bciolatk\u00f3w)<\/li><li>zeszyt w kratk\u0119 16 kartkowy (dla sze\u015bciolatk\u00f3w)<\/li><li>gumka<\/li><li>no\u017cyczki<\/li><li>papier ksero ryza<\/li><li>blok rysunkowy A3 z bia\u0142ymi kartkami<\/li><li>kolorowe mi\u0119kkie kartki po 5 sztuk \u2013 \u017c\u00f3\u0142te, zielone, pomara\u0144czowe, br\u0105zowe, czerwone, niebieskie jasne, czarne<\/li><li>zeszyt papier\u00f3w kolorowych \u2013 tzw. wycinanki<\/li><li>worek na buty \u2013 podpisany<\/li><li>ubranie awaryjne<\/li><li>str\u00f3j do \u0107wicze\u0144 gimnastycznych<\/li><li>dwie naklejki \u2013 na szafk\u0119 i do szatni<\/li><\/ul>\n","protected":false},"excerpt":{"rendered":"<p>Wyposa\u017cenie: farby akwarele, kubeczek na wod\u0119, dwa p\u0119dzelki \u2013 cienki i gruby kredki o\u0142\u00f3wkowe bambino plastelina i podk\u0142adka do lepienia klej szkolny, klej w sztyfcie o\u0142\u00f3wek mi\u0119kki zeszyt w trzy linie ( dla sze\u015bciolatk\u00f3w) zeszyt&#8230;<\/p>\n","protected":false},"author":3,"featured_media":0,"comment_status":"closed","ping_status":"closed","sticky":false,"template":"","format":"standard","meta":{"footnotes":""},"categories":[1],"tags":[],"class_list":["post-18444","post","type-post","status-publish","format-standard","hentry","category-bez-kategorii"],"_links":{"self":[{"href":"http:\/\/zpo.podedworze.pl\/index.php\/wp-json\/wp\/v2\/posts\/18444","targetHints":{"allow":["GET"]}}],"collection":[{"href":"http:\/\/zpo.podedworze.pl\/index.php\/wp-json\/wp\/v2\/posts"}],"about":[{"href":"http:\/\/zpo.podedworze.pl\/index.php\/wp-json\/wp\/v2\/types\/post"}],"author":[{"embeddable":true,"href":"http:\/\/zpo.podedworze.pl\/index.php\/wp-json\/wp\/v2\/users\/3"}],"replies":[{"embeddable":true,"href":"http:\/\/zpo.podedworze.pl\/index.php\/wp-json\/wp\/v2\/comments?post=18444"}],"version-history":[{"count":1,"href":"http:\/\/zpo.podedworze.pl\/index.php\/wp-json\/wp\/v2\/posts\/18444\/revisions"}],"predecessor-version":[{"id":18446,"href":"http:\/\/zpo.podedworze.pl\/index.php\/wp-json\/wp\/v2\/posts\/18444\/revisions\/18446"}],"wp:attachment":[{"href":"http:\/\/zpo.podedworze.pl\/index.php\/wp-json\/wp\/v2\/media?parent=18444"}],"wp:term":[{"taxonomy":"category","embeddable":true,"href":"http:\/\/zpo.podedworze.pl\/index.php\/wp-json\/wp\/v2\/categories?post=18444"},{"taxonomy":"post_tag","embeddable":true,"href":"http:\/\/zpo.podedworze.pl\/index.php\/wp-json\/wp\/v2\/tags?post=18444"}],"curies":[{"name":"wp","href":"https:\/\/api.w.org\/{rel}","templated":true}]}}