{"id":1993,"date":"2017-10-08T20:06:15","date_gmt":"2017-10-08T18:06:15","guid":{"rendered":"http:\/\/zpo.podedworze.pl\/?p=1993"},"modified":"2017-10-25T19:13:26","modified_gmt":"2017-10-25T17:13:26","slug":"dzien-marchewki","status":"publish","type":"post","link":"http:\/\/zpo.podedworze.pl\/index.php\/2017\/10\/08\/dzien-marchewki\/","title":{"rendered":"Dzie\u0144 marchewki"},"content":{"rendered":"<p>\u201eDzie\u0144 marchewki\u201d \u2013 w naszym przedszkolu obchodzili\u015bmy 27 wrze\u015bnia. By\u0142o to spotkanie integracyjne z Rodzicami, kt\u00f3re rozpocz\u0119\u0142o si\u0119 recytacj\u0105 przez dzieci wiersza Jana Brzechwy \u201eMarchewka\u201d. Nast\u0119pnie przedszkolaki za\u015bpiewa\u0142y dwie piosenki \u201eUrodziny marchewki\u201d, oraz \u201eDo przedszkola\u201d, by\u0142y\u00a0 to pierwsze piosenki, kt\u00f3re nauczy\u0142y si\u0119 dzieci we wrze\u015bniu w przedszkolu. Po cz\u0119\u015bci artystycznej zacz\u0119\u0142a si\u0119 wsp\u00f3lna praca zebranych w sali przedszkolnej. Tak jak w piosence pt \u201eUrodziny marchewki\u201d, w naszym przedszkolu, pojawi\u0142y si\u0119 wszystkie warzywa potrzebne rodzicom i dzieciom do wykonania zaplanowanych na spotkaniu prac. Wszyscy pracowali bardzo intensywnie,\u00a0 tw\u00f3rczo z wielkim zaanga\u017cowaniem. Efekty stara\u0144, mo\u017cna by\u0142 zobaczy\u0107 ju\u017c po godzinie. Na stolikach pojawi\u0142y si\u0119 pi\u0119kne warzywne kukie\u0142ki, a na\u00a0 twarzach pi\u0119kne u\u015bmiechy &#8211; rado\u015b\u0107.Celem spotkania by\u0142o rozwijanie umiej\u0119tno\u015bci wsp\u00f3\u0142dzia\u0142ania dzieci i rodzic\u00f3w oraz promowanie spo\u017cywania warzyw jako dar\u00f3w natury.\u00a0Wszystkim zaanga\u017cowanym serdecznie dzi\u0119kujemy \u2013 wychowawczynie.<\/p>\n<div id='gallery-1' class='gallery galleryid-1993 gallery-columns-3 gallery-size-thumbnail'><figure class='gallery-item'>\n\t\t\t<div class='gallery-icon landscape'>\n\t\t\t\t<a href='http:\/\/zpo.podedworze.pl\/index.php\/2017\/10\/08\/dzien-marchewki\/dsc_5836\/'><img loading=\"lazy\" decoding=\"async\" width=\"150\" height=\"150\" src=\"http:\/\/zpo.podedworze.pl\/wp-content\/uploads\/2017\/10\/DSC_5836-150x150.jpg\" class=\"attachment-thumbnail size-thumbnail\" alt=\"\" \/><\/a>\n\t\t\t<\/div><\/figure><figure class='gallery-item'>\n\t\t\t<div class='gallery-icon landscape'>\n\t\t\t\t<a href='http:\/\/zpo.podedworze.pl\/index.php\/2017\/10\/08\/dzien-marchewki\/dsc_5837\/'><img loading=\"lazy\" decoding=\"async\" width=\"150\" height=\"150\" src=\"http:\/\/zpo.podedworze.pl\/wp-content\/uploads\/2017\/10\/DSC_5837-150x150.jpg\" class=\"attachment-thumbnail size-thumbnail\" alt=\"\" \/><\/a>\n\t\t\t<\/div><\/figure><figure class='gallery-item'>\n\t\t\t<div class='gallery-icon landscape'>\n\t\t\t\t<a href='http:\/\/zpo.podedworze.pl\/index.php\/2017\/10\/08\/dzien-marchewki\/dsc_5844\/'><img loading=\"lazy\" decoding=\"async\" width=\"150\" height=\"150\" src=\"http:\/\/zpo.podedworze.pl\/wp-content\/uploads\/2017\/10\/DSC_5844-150x150.jpg\" class=\"attachment-thumbnail size-thumbnail\" alt=\"\" \/><\/a>\n\t\t\t<\/div><\/figure><figure class='gallery-item'>\n\t\t\t<div class='gallery-icon landscape'>\n\t\t\t\t<a href='http:\/\/zpo.podedworze.pl\/index.php\/2017\/10\/08\/dzien-marchewki\/dsc_5846\/'><img loading=\"lazy\" decoding=\"async\" width=\"150\" height=\"150\" src=\"http:\/\/zpo.podedworze.pl\/wp-content\/uploads\/2017\/10\/DSC_5846-150x150.jpg\" class=\"attachment-thumbnail size-thumbnail\" alt=\"\" \/><\/a>\n\t\t\t<\/div><\/figure><figure class='gallery-item'>\n\t\t\t<div class='gallery-icon landscape'>\n\t\t\t\t<a href='http:\/\/zpo.podedworze.pl\/index.php\/2017\/10\/08\/dzien-marchewki\/dsc_5847\/'><img loading=\"lazy\" decoding=\"async\" width=\"150\" height=\"150\" src=\"http:\/\/zpo.podedworze.pl\/wp-content\/uploads\/2017\/10\/DSC_5847-150x150.jpg\" class=\"attachment-thumbnail size-thumbnail\" alt=\"\" \/><\/a>\n\t\t\t<\/div><\/figure><figure class='gallery-item'>\n\t\t\t<div class='gallery-icon landscape'>\n\t\t\t\t<a href='http:\/\/zpo.podedworze.pl\/index.php\/2017\/10\/08\/dzien-marchewki\/dsc_5848\/'><img loading=\"lazy\" decoding=\"async\" width=\"150\" height=\"150\" src=\"http:\/\/zpo.podedworze.pl\/wp-content\/uploads\/2017\/10\/DSC_5848-150x150.jpg\" class=\"attachment-thumbnail size-thumbnail\" alt=\"\" \/><\/a>\n\t\t\t<\/div><\/figure><figure class='gallery-item'>\n\t\t\t<div class='gallery-icon landscape'>\n\t\t\t\t<a href='http:\/\/zpo.podedworze.pl\/index.php\/2017\/10\/08\/dzien-marchewki\/dsc_5857\/'><img loading=\"lazy\" decoding=\"async\" width=\"150\" height=\"150\" src=\"http:\/\/zpo.podedworze.pl\/wp-content\/uploads\/2017\/10\/DSC_5857-150x150.jpg\" class=\"attachment-thumbnail size-thumbnail\" alt=\"\" \/><\/a>\n\t\t\t<\/div><\/figure><figure class='gallery-item'>\n\t\t\t<div class='gallery-icon landscape'>\n\t\t\t\t<a href='http:\/\/zpo.podedworze.pl\/index.php\/2017\/10\/08\/dzien-marchewki\/dsc_5858\/'><img loading=\"lazy\" decoding=\"async\" width=\"150\" height=\"150\" src=\"http:\/\/zpo.podedworze.pl\/wp-content\/uploads\/2017\/10\/DSC_5858-150x150.jpg\" class=\"attachment-thumbnail size-thumbnail\" alt=\"\" \/><\/a>\n\t\t\t<\/div><\/figure><figure class='gallery-item'>\n\t\t\t<div class='gallery-icon landscape'>\n\t\t\t\t<a href='http:\/\/zpo.podedworze.pl\/index.php\/2017\/10\/08\/dzien-marchewki\/dsc_5862\/'><img loading=\"lazy\" decoding=\"async\" width=\"150\" height=\"150\" src=\"http:\/\/zpo.podedworze.pl\/wp-content\/uploads\/2017\/10\/DSC_5862-150x150.jpg\" class=\"attachment-thumbnail size-thumbnail\" alt=\"\" \/><\/a>\n\t\t\t<\/div><\/figure><figure class='gallery-item'>\n\t\t\t<div class='gallery-icon landscape'>\n\t\t\t\t<a href='http:\/\/zpo.podedworze.pl\/index.php\/2017\/10\/08\/dzien-marchewki\/dsc_5864\/'><img loading=\"lazy\" decoding=\"async\" width=\"150\" height=\"150\" src=\"http:\/\/zpo.podedworze.pl\/wp-content\/uploads\/2017\/10\/DSC_5864-150x150.jpg\" class=\"attachment-thumbnail size-thumbnail\" alt=\"\" \/><\/a>\n\t\t\t<\/div><\/figure><figure class='gallery-item'>\n\t\t\t<div class='gallery-icon landscape'>\n\t\t\t\t<a href='http:\/\/zpo.podedworze.pl\/index.php\/2017\/10\/08\/dzien-marchewki\/dsc_5865\/'><img loading=\"lazy\" decoding=\"async\" width=\"150\" height=\"150\" src=\"http:\/\/zpo.podedworze.pl\/wp-content\/uploads\/2017\/10\/DSC_5865-150x150.jpg\" class=\"attachment-thumbnail size-thumbnail\" alt=\"\" \/><\/a>\n\t\t\t<\/div><\/figure><figure class='gallery-item'>\n\t\t\t<div class='gallery-icon landscape'>\n\t\t\t\t<a href='http:\/\/zpo.podedworze.pl\/index.php\/2017\/10\/08\/dzien-marchewki\/dsc_5876\/'><img loading=\"lazy\" decoding=\"async\" width=\"150\" height=\"150\" src=\"http:\/\/zpo.podedworze.pl\/wp-content\/uploads\/2017\/10\/DSC_5876-150x150.jpg\" class=\"attachment-thumbnail size-thumbnail\" alt=\"\" \/><\/a>\n\t\t\t<\/div><\/figure><figure class='gallery-item'>\n\t\t\t<div class='gallery-icon landscape'>\n\t\t\t\t<a href='http:\/\/zpo.podedworze.pl\/index.php\/2017\/10\/08\/dzien-marchewki\/dsc_5877\/'><img loading=\"lazy\" decoding=\"async\" width=\"150\" height=\"150\" src=\"http:\/\/zpo.podedworze.pl\/wp-content\/uploads\/2017\/10\/DSC_5877-150x150.jpg\" class=\"attachment-thumbnail size-thumbnail\" alt=\"\" \/><\/a>\n\t\t\t<\/div><\/figure><figure class='gallery-item'>\n\t\t\t<div class='gallery-icon landscape'>\n\t\t\t\t<a href='http:\/\/zpo.podedworze.pl\/index.php\/2017\/10\/08\/dzien-marchewki\/dsc_5879\/'><img loading=\"lazy\" decoding=\"async\" width=\"150\" height=\"150\" src=\"http:\/\/zpo.podedworze.pl\/wp-content\/uploads\/2017\/10\/DSC_5879-150x150.jpg\" class=\"attachment-thumbnail size-thumbnail\" alt=\"\" \/><\/a>\n\t\t\t<\/div><\/figure><figure class='gallery-item'>\n\t\t\t<div class='gallery-icon landscape'>\n\t\t\t\t<a href='http:\/\/zpo.podedworze.pl\/index.php\/2017\/10\/08\/dzien-marchewki\/dsc_5882\/'><img loading=\"lazy\" decoding=\"async\" width=\"150\" height=\"150\" src=\"http:\/\/zpo.podedworze.pl\/wp-content\/uploads\/2017\/10\/DSC_5882-150x150.jpg\" class=\"attachment-thumbnail size-thumbnail\" alt=\"\" \/><\/a>\n\t\t\t<\/div><\/figure>\n\t\t<\/div>\n\n<div id='gallery-2' class='gallery galleryid-1993 gallery-columns-3 gallery-size-thumbnail'><figure class='gallery-item'>\n\t\t\t<div class='gallery-icon landscape'>\n\t\t\t\t<a href='http:\/\/zpo.podedworze.pl\/index.php\/2017\/10\/08\/dzien-marchewki\/dsc_0731-2\/'><img loading=\"lazy\" decoding=\"async\" width=\"150\" height=\"150\" src=\"http:\/\/zpo.podedworze.pl\/wp-content\/uploads\/2017\/10\/DSC_0731-150x150.jpg\" class=\"attachment-thumbnail size-thumbnail\" alt=\"\" \/><\/a>\n\t\t\t<\/div><\/figure><figure class='gallery-item'>\n\t\t\t<div class='gallery-icon landscape'>\n\t\t\t\t<a href='http:\/\/zpo.podedworze.pl\/index.php\/2017\/10\/08\/dzien-marchewki\/dsc_0732\/'><img loading=\"lazy\" decoding=\"async\" width=\"150\" height=\"150\" src=\"http:\/\/zpo.podedworze.pl\/wp-content\/uploads\/2017\/10\/DSC_0732-150x150.jpg\" class=\"attachment-thumbnail size-thumbnail\" alt=\"\" \/><\/a>\n\t\t\t<\/div><\/figure><figure class='gallery-item'>\n\t\t\t<div class='gallery-icon landscape'>\n\t\t\t\t<a href='http:\/\/zpo.podedworze.pl\/index.php\/2017\/10\/08\/dzien-marchewki\/dsc_0734\/'><img loading=\"lazy\" decoding=\"async\" width=\"150\" height=\"150\" src=\"http:\/\/zpo.podedworze.pl\/wp-content\/uploads\/2017\/10\/DSC_0734-150x150.jpg\" class=\"attachment-thumbnail size-thumbnail\" alt=\"\" \/><\/a>\n\t\t\t<\/div><\/figure><figure class='gallery-item'>\n\t\t\t<div class='gallery-icon landscape'>\n\t\t\t\t<a href='http:\/\/zpo.podedworze.pl\/index.php\/2017\/10\/08\/dzien-marchewki\/dsc_0735\/'><img loading=\"lazy\" decoding=\"async\" width=\"150\" height=\"150\" src=\"http:\/\/zpo.podedworze.pl\/wp-content\/uploads\/2017\/10\/DSC_0735-150x150.jpg\" class=\"attachment-thumbnail size-thumbnail\" alt=\"\" \/><\/a>\n\t\t\t<\/div><\/figure><figure class='gallery-item'>\n\t\t\t<div class='gallery-icon landscape'>\n\t\t\t\t<a href='http:\/\/zpo.podedworze.pl\/index.php\/2017\/10\/08\/dzien-marchewki\/dsc_0736-2\/'><img loading=\"lazy\" decoding=\"async\" width=\"150\" height=\"150\" src=\"http:\/\/zpo.podedworze.pl\/wp-content\/uploads\/2017\/10\/DSC_0736-150x150.jpg\" class=\"attachment-thumbnail size-thumbnail\" alt=\"\" \/><\/a>\n\t\t\t<\/div><\/figure><figure class='gallery-item'>\n\t\t\t<div class='gallery-icon landscape'>\n\t\t\t\t<a href='http:\/\/zpo.podedworze.pl\/index.php\/2017\/10\/08\/dzien-marchewki\/dsc_0737\/'><img loading=\"lazy\" decoding=\"async\" width=\"150\" height=\"150\" src=\"http:\/\/zpo.podedworze.pl\/wp-content\/uploads\/2017\/10\/DSC_0737-150x150.jpg\" class=\"attachment-thumbnail size-thumbnail\" alt=\"\" \/><\/a>\n\t\t\t<\/div><\/figure>\n\t\t<\/div>\n\n","protected":false},"excerpt":{"rendered":"<p>\u201eDzie\u0144 marchewki\u201d \u2013 w naszym przedszkolu obchodzili\u015bmy 27 wrze\u015bnia. By\u0142o to spotkanie integracyjne z Rodzicami, kt\u00f3re rozpocz\u0119\u0142o si\u0119 recytacj\u0105 przez dzieci wiersza Jana Brzechwy \u201eMarchewka\u201d. Nast\u0119pnie przedszkolaki za\u015bpiewa\u0142y dwie piosenki \u201eUrodziny marchewki\u201d, oraz \u201eDo przedszkola\u201d,&#8230;<\/p>\n","protected":false},"author":5,"featured_media":2000,"comment_status":"closed","ping_status":"closed","sticky":false,"template":"","format":"standard","meta":{"footnotes":""},"categories":[1],"tags":[],"class_list":["post-1993","post","type-post","status-publish","format-standard","has-post-thumbnail","hentry","category-bez-kategorii"],"_links":{"self":[{"href":"http:\/\/zpo.podedworze.pl\/index.php\/wp-json\/wp\/v2\/posts\/1993","targetHints":{"allow":["GET"]}}],"collection":[{"href":"http:\/\/zpo.podedworze.pl\/index.php\/wp-json\/wp\/v2\/posts"}],"about":[{"href":"http:\/\/zpo.podedworze.pl\/index.php\/wp-json\/wp\/v2\/types\/post"}],"author":[{"embeddable":true,"href":"http:\/\/zpo.podedworze.pl\/index.php\/wp-json\/wp\/v2\/users\/5"}],"replies":[{"embeddable":true,"href":"http:\/\/zpo.podedworze.pl\/index.php\/wp-json\/wp\/v2\/comments?post=1993"}],"version-history":[{"count":3,"href":"http:\/\/zpo.podedworze.pl\/index.php\/wp-json\/wp\/v2\/posts\/1993\/revisions"}],"predecessor-version":[{"id":2113,"href":"http:\/\/zpo.podedworze.pl\/index.php\/wp-json\/wp\/v2\/posts\/1993\/revisions\/2113"}],"wp:featuredmedia":[{"embeddable":true,"href":"http:\/\/zpo.podedworze.pl\/index.php\/wp-json\/wp\/v2\/media\/2000"}],"wp:attachment":[{"href":"http:\/\/zpo.podedworze.pl\/index.php\/wp-json\/wp\/v2\/media?parent=1993"}],"wp:term":[{"taxonomy":"category","embeddable":true,"href":"http:\/\/zpo.podedworze.pl\/index.php\/wp-json\/wp\/v2\/categories?post=1993"},{"taxonomy":"post_tag","embeddable":true,"href":"http:\/\/zpo.podedworze.pl\/index.php\/wp-json\/wp\/v2\/tags?post=1993"}],"curies":[{"name":"wp","href":"https:\/\/api.w.org\/{rel}","templated":true}]}}