{"id":30907,"date":"2025-03-30T14:27:20","date_gmt":"2025-03-30T12:27:20","guid":{"rendered":"http:\/\/zpo.podedworze.pl\/?p=30907"},"modified":"2025-03-30T14:27:20","modified_gmt":"2025-03-30T12:27:20","slug":"xv-powiatowy-festiwal-koled-i-pastoralek-koledujmy-razem","status":"publish","type":"post","link":"http:\/\/zpo.podedworze.pl\/index.php\/2025\/03\/30\/xv-powiatowy-festiwal-koled-i-pastoralek-koledujmy-razem\/","title":{"rendered":"\u00a0XV Powiatowy Festiwal Kol\u0119d i Pastora\u0142ek &#8222;Kol\u0119dujmy razem&#8221;"},"content":{"rendered":"\n<p>Dnia 24 stycznia 20205r. w Szkole Podstawowej nr 1 w Parczewie odby\u0142 si\u0119 XV Powiatowy Festiwal Kol\u0119d i Pastora\u0142ek &#8222;Kol\u0119dujmy razem&#8221;.\u00a0W konkursie mogli zaprezentowa\u0107 si\u0119\u00a0 soli\u015bci i zespo\u0142y dwuosobowe ze szk\u00f3\u0142 podstawowych oraz dzieci w wieku 5 lat z przedszkoli i oddzia\u0142\u00f3w przedszkolnych z powiatu parczewskiego. Nasz\u0105 szko\u0142\u0119 reprezentowa\u0142<strong> Antoni Mocior<\/strong> oraz duet w sk\u0142adzie <strong>Marta Pajdosz<\/strong> i <strong>Anna Wilkowska. <\/strong>Dziewcz\u0119ta zosta\u0142y laureatkami I miejsca w swojej kategorii. Do konkursu uczni\u00f3w przygotowa\u0142a pani <strong>Agnieszka \u0141otysz. <\/strong>Serdecznie gratulujemy!<\/p>\n\n\n\n<figure class=\"wp-block-gallery has-nested-images columns-default is-cropped wp-block-gallery-1 is-layout-flex wp-block-gallery-is-layout-flex\">\n<figure class=\"wp-block-image size-large\"><a href=\"http:\/\/zpo.podedworze.pl\/?attachment_id=30908\"><img loading=\"lazy\" decoding=\"async\" width=\"435\" height=\"940\" data-id=\"30908\" src=\"http:\/\/zpo.podedworze.pl\/wp-content\/uploads\/2025\/03\/IMG_20250330_142105.jpg\" alt=\"\" class=\"wp-image-30908\" srcset=\"http:\/\/zpo.podedworze.pl\/wp-content\/uploads\/2025\/03\/IMG_20250330_142105.jpg 435w, http:\/\/zpo.podedworze.pl\/wp-content\/uploads\/2025\/03\/IMG_20250330_142105-139x300.jpg 139w\" sizes=\"auto, (max-width: 435px) 100vw, 435px\" \/><\/a><\/figure>\n\n\n\n<figure class=\"wp-block-image size-large\"><a href=\"http:\/\/zpo.podedworze.pl\/?attachment_id=30912\"><img loading=\"lazy\" decoding=\"async\" width=\"940\" height=\"435\" data-id=\"30912\" src=\"http:\/\/zpo.podedworze.pl\/wp-content\/uploads\/2025\/03\/IMG_20250330_142107.jpg\" alt=\"\" class=\"wp-image-30912\" srcset=\"http:\/\/zpo.podedworze.pl\/wp-content\/uploads\/2025\/03\/IMG_20250330_142107.jpg 940w, http:\/\/zpo.podedworze.pl\/wp-content\/uploads\/2025\/03\/IMG_20250330_142107-300x139.jpg 300w, http:\/\/zpo.podedworze.pl\/wp-content\/uploads\/2025\/03\/IMG_20250330_142107-768x355.jpg 768w, http:\/\/zpo.podedworze.pl\/wp-content\/uploads\/2025\/03\/IMG_20250330_142107-655x303.jpg 655w\" sizes=\"auto, (max-width: 940px) 100vw, 940px\" \/><\/a><\/figure>\n\n\n\n<figure class=\"wp-block-image size-large\"><a href=\"http:\/\/zpo.podedworze.pl\/?attachment_id=30909\"><img loading=\"lazy\" decoding=\"async\" width=\"435\" height=\"940\" data-id=\"30909\" src=\"http:\/\/zpo.podedworze.pl\/wp-content\/uploads\/2025\/03\/IMG_20250330_142110.jpg\" alt=\"\" class=\"wp-image-30909\" srcset=\"http:\/\/zpo.podedworze.pl\/wp-content\/uploads\/2025\/03\/IMG_20250330_142110.jpg 435w, http:\/\/zpo.podedworze.pl\/wp-content\/uploads\/2025\/03\/IMG_20250330_142110-139x300.jpg 139w\" sizes=\"auto, (max-width: 435px) 100vw, 435px\" \/><\/a><\/figure>\n\n\n\n<figure class=\"wp-block-image size-large\"><a href=\"http:\/\/zpo.podedworze.pl\/?attachment_id=30910\"><img loading=\"lazy\" decoding=\"async\" width=\"845\" height=\"391\" data-id=\"30910\" src=\"http:\/\/zpo.podedworze.pl\/wp-content\/uploads\/2025\/03\/IMG_20250330_142114.jpg\" alt=\"\" class=\"wp-image-30910\" srcset=\"http:\/\/zpo.podedworze.pl\/wp-content\/uploads\/2025\/03\/IMG_20250330_142114.jpg 845w, http:\/\/zpo.podedworze.pl\/wp-content\/uploads\/2025\/03\/IMG_20250330_142114-300x139.jpg 300w, http:\/\/zpo.podedworze.pl\/wp-content\/uploads\/2025\/03\/IMG_20250330_142114-768x355.jpg 768w, http:\/\/zpo.podedworze.pl\/wp-content\/uploads\/2025\/03\/IMG_20250330_142114-655x303.jpg 655w\" sizes=\"auto, (max-width: 845px) 100vw, 845px\" \/><\/a><\/figure>\n\n\n\n<figure class=\"wp-block-image size-large\"><a href=\"http:\/\/zpo.podedworze.pl\/?attachment_id=30911\"><img loading=\"lazy\" decoding=\"async\" width=\"940\" height=\"435\" data-id=\"30911\" src=\"http:\/\/zpo.podedworze.pl\/wp-content\/uploads\/2025\/03\/IMG_20250330_142120.jpg\" alt=\"\" class=\"wp-image-30911\" srcset=\"http:\/\/zpo.podedworze.pl\/wp-content\/uploads\/2025\/03\/IMG_20250330_142120.jpg 940w, http:\/\/zpo.podedworze.pl\/wp-content\/uploads\/2025\/03\/IMG_20250330_142120-300x139.jpg 300w, http:\/\/zpo.podedworze.pl\/wp-content\/uploads\/2025\/03\/IMG_20250330_142120-768x355.jpg 768w, http:\/\/zpo.podedworze.pl\/wp-content\/uploads\/2025\/03\/IMG_20250330_142120-655x303.jpg 655w\" sizes=\"auto, (max-width: 940px) 100vw, 940px\" \/><\/a><\/figure>\n<\/figure>\n\n\n\n<p><\/p>\n","protected":false},"excerpt":{"rendered":"<p>Dnia 24 stycznia 20205r. w Szkole Podstawowej nr 1 w Parczewie odby\u0142 si\u0119 XV Powiatowy Festiwal Kol\u0119d i Pastora\u0142ek &#8222;Kol\u0119dujmy razem&#8221;.\u00a0W konkursie mogli zaprezentowa\u0107 si\u0119\u00a0 soli\u015bci i zespo\u0142y dwuosobowe ze szk\u00f3\u0142 podstawowych oraz dzieci w&#8230;<\/p>\n","protected":false},"author":5,"featured_media":30912,"comment_status":"closed","ping_status":"closed","sticky":false,"template":"","format":"standard","meta":{"footnotes":""},"categories":[1],"tags":[],"class_list":["post-30907","post","type-post","status-publish","format-standard","has-post-thumbnail","hentry","category-bez-kategorii"],"_links":{"self":[{"href":"http:\/\/zpo.podedworze.pl\/index.php\/wp-json\/wp\/v2\/posts\/30907","targetHints":{"allow":["GET"]}}],"collection":[{"href":"http:\/\/zpo.podedworze.pl\/index.php\/wp-json\/wp\/v2\/posts"}],"about":[{"href":"http:\/\/zpo.podedworze.pl\/index.php\/wp-json\/wp\/v2\/types\/post"}],"author":[{"embeddable":true,"href":"http:\/\/zpo.podedworze.pl\/index.php\/wp-json\/wp\/v2\/users\/5"}],"replies":[{"embeddable":true,"href":"http:\/\/zpo.podedworze.pl\/index.php\/wp-json\/wp\/v2\/comments?post=30907"}],"version-history":[{"count":1,"href":"http:\/\/zpo.podedworze.pl\/index.php\/wp-json\/wp\/v2\/posts\/30907\/revisions"}],"predecessor-version":[{"id":30913,"href":"http:\/\/zpo.podedworze.pl\/index.php\/wp-json\/wp\/v2\/posts\/30907\/revisions\/30913"}],"wp:featuredmedia":[{"embeddable":true,"href":"http:\/\/zpo.podedworze.pl\/index.php\/wp-json\/wp\/v2\/media\/30912"}],"wp:attachment":[{"href":"http:\/\/zpo.podedworze.pl\/index.php\/wp-json\/wp\/v2\/media?parent=30907"}],"wp:term":[{"taxonomy":"category","embeddable":true,"href":"http:\/\/zpo.podedworze.pl\/index.php\/wp-json\/wp\/v2\/categories?post=30907"},{"taxonomy":"post_tag","embeddable":true,"href":"http:\/\/zpo.podedworze.pl\/index.php\/wp-json\/wp\/v2\/tags?post=30907"}],"curies":[{"name":"wp","href":"https:\/\/api.w.org\/{rel}","templated":true}]}}