{"id":6924,"date":"2018-12-05T19:15:58","date_gmt":"2018-12-05T18:15:58","guid":{"rendered":"http:\/\/zpo.podedworze.pl\/?p=6924"},"modified":"2018-12-05T19:13:07","modified_gmt":"2018-12-05T18:13:07","slug":"list-minister-edukacji-narodowej-2","status":"publish","type":"post","link":"http:\/\/zpo.podedworze.pl\/index.php\/2018\/12\/05\/list-minister-edukacji-narodowej-2\/","title":{"rendered":"List Minister Edukacji Narodowej"},"content":{"rendered":"<p style=\"text-align: right;\"><span style=\"text-align: right;\">Warszawa, 4 grudnia 2018 r.\u00a0 \u00a0<\/span><\/p>\n<p><em>Szanowni Pa\u0144stwo,<\/em><\/p>\n<p><em>Rodzice i Opiekunowie Uczni\u00f3w VIII klasy szko\u0142y podstawowej oraz III klasy gimnazjum,<\/em><\/p>\n<p>ju\u017c wkr\u00f3tce, za po\u015brednictwem dyrektor\u00f3w szk\u00f3\u0142, dotrze do Pa\u0144stwa ulotka dotycz\u0105ca rekrutacji do szk\u00f3\u0142 ponadpodstawowych i ponadgimnazjalnych. To wa\u017cny dla\u00a0Pa\u0144stwa moment. Zach\u0119cam, aby wsp\u00f3lnie ze swoimi dzie\u0107mi \u2013 uczniami VIII klasy szko\u0142y podstawowej oraz III klasy gimnazjum \u2013 zapoznali si\u0119 Pa\u0144stwo z tre\u015bci\u0105 ulotki. Jestem przekonana, \u017ce zawarte w niej informacje b\u0119d\u0105 pomocne. Zapewniam, \u017ce szko\u0142y s\u0105 gotowe na przyj\u0119cie Pa\u0144stwa dzieci \u2013 posiadaj\u0105 odpowiedni\u0105 liczb\u0105 sal dydaktycznych i utworz\u0105 wi\u0119ksz\u0105 liczb\u0119 klas.<\/p>\n<p>W kwestii dodatkowych pyta\u0144 do Pa\u0144stwa dyspozycji pozostaj\u0105 biura i wydzia\u0142y o\u015bwiaty w samorz\u0105dach, doradcy zawodowi w szko\u0142ach, a tak\u017ce dyrektorzy oraz kuratorzy o\u015bwiaty, kt\u00f3rzy najlepiej znaj\u0105\u00a0sytuacj\u0119 szk\u00f3\u0142 w danym rejonie. W kuratoriach dzia\u0142aj\u0105 <strong>punkty konsultacyjne<\/strong>, lista kontakt\u00f3w jest dost\u0119pna na stronie internetowej <a href=\"http:\/\/www.men.gov.pl\/rekutacja\/kontakty-do-kuratoriow\"><strong>www.men.gov.pl\/rekutacja\/kontakty-do-kuratoriow<\/strong><\/a>. Przypomn\u0119 r\u00f3wnie\u017c, \u017ce pytania zwi\u0105zane z naborem do szk\u00f3\u0142 na rok szkolny 2019\/2020 ju\u017c od kilku miesi\u0119cy mo\u017cna kierowa\u0107 na adres <a href=\"mailto:rekrutacja@men.gov.pl\"><strong>rekrutacja@men.gov.pl<\/strong><\/a>. We\u00a0wrze\u015bniu br. do szk\u00f3\u0142 podstawowych i\u00a0gimnazj\u00f3w trafi\u0142 specjalny plakat dotycz\u0105cy rekrutacji. Uruchomili\u015bmy tak\u017ce zak\u0142adk\u0119 <a href=\"http:\/\/www.men.gov.pl\/rekrutacja\"><strong>www.men.gov.pl\/rekrutacja<\/strong><\/a>, na kt\u00f3rej mo\u017cna znale\u017a\u0107 wszystkie szczeg\u00f3\u0142owe informacje.<\/p>\n<p>Zach\u0119cam do rozmowy z dzie\u0107mi na temat ich plan\u00f3w dotycz\u0105cych wyboru konkretnego profilu szko\u0142y. Z danych wynika, \u017ce ponad po\u0142owa uczni\u00f3w decyduje si\u0119 na\u00a0nauk\u0119 w szko\u0142ach technicznych i bran\u017cowych. Ok. 55 proc. m\u0142odych ludzi wybiera kszta\u0142cenie zawodowe, a 45 proc. decyduje si\u0119 na liceum og\u00f3lnokszta\u0142c\u0105ce. Wed\u0142ug naszych szacunk\u00f3w w roku szkolnym 2019\/2020 w liceach og\u00f3lnokszta\u0142c\u0105cych b\u0119dzie uczy\u0142o si\u0119 we\u00a0wszystkich klasach 652 tys. uczni\u00f3w. Podobn\u0105 liczb\u0119 licealist\u00f3w mieli\u015bmy w roku szkolnym 2009\/2010. W\u00f3wczas w liceach og\u00f3lnokszta\u0142c\u0105cych uczy\u0142o si\u0119 656 tys. uczni\u00f3w. Podczas rozm\u00f3w ze swoimi dzie\u0107mi warto wzi\u0105\u0107 pod uwag\u0119 ich zainteresowania i\u00a0predyspozycje, a\u00a0tak\u017ce punktacj\u0119 do szk\u00f3\u0142, do kt\u00f3rych b\u0119d\u0105 aplikowa\u0107. Cennym \u017ar\u00f3d\u0142em informacji o\u00a0szko\u0142ach w regionie s\u0105 tzw. dni otwarte i targi szk\u00f3\u0142. Udzia\u0142 w nich b\u0119dzie pomocny przy wyborze dalszej \u015bcie\u017cki kszta\u0142cenia.<\/p>\n<p>Zapewniam, \u017ce ka\u017cdy absolwent szko\u0142y podstawowej i gimnazjum znajdzie miejsce w szkole od 1 wrze\u015bnia 2019 roku.<\/p>\n<p><em>Z wyrazami szacunku<\/em><\/p>\n<p><em>Anna Zalewska<\/em><\/p>\n<p><em>Minister Edukacji Narodowej\u00a0<\/em><\/p>\n<p>Za\u0142\u0105czniki:<\/p>\n<p><a href=\"http:\/\/zpo.podedworze.pl\/index.php\/2018\/12\/05\/list-minister-edukacji-narodowej-2\/ulotka-dotyczaca-rekrutacji-do-szkol-ponadpodstawowych-i-ponadgimnazjalnych-na-rok-szkolny-2019-2020-w-wersji-pdf\/\" rel=\"attachment wp-att-6925\">Ulotka dotycz\u0105ca rekrutacji do szk\u00f3\u0142 ponadpodstawowych i ponadgimnazjalnych na rok szkolny 2019-2020 w wersji pdf<\/a><\/p>\n<p><a href=\"http:\/\/zpo.podedworze.pl\/index.php\/2018\/12\/05\/list-minister-edukacji-narodowej-2\/komunikat-men-na-temat-rekrutacji-na-rok_szkolny-2019-2020-w-wersji-word\/\" rel=\"attachment wp-att-6926\">Komunikat MEN na temat rekrutacji na rok_szkolny 2019-2020 w wersji word<\/a><\/p>\n","protected":false},"excerpt":{"rendered":"<p>Warszawa, 4 grudnia 2018 r.\u00a0 \u00a0 Szanowni Pa\u0144stwo, Rodzice i Opiekunowie Uczni\u00f3w VIII klasy szko\u0142y podstawowej oraz III klasy gimnazjum, ju\u017c wkr\u00f3tce, za po\u015brednictwem dyrektor\u00f3w szk\u00f3\u0142, dotrze do Pa\u0144stwa ulotka dotycz\u0105ca rekrutacji do szk\u00f3\u0142 ponadpodstawowych&#8230;<\/p>\n","protected":false},"author":5,"featured_media":6928,"comment_status":"closed","ping_status":"closed","sticky":false,"template":"","format":"standard","meta":{"footnotes":""},"categories":[1],"tags":[],"class_list":["post-6924","post","type-post","status-publish","format-standard","has-post-thumbnail","hentry","category-bez-kategorii"],"_links":{"self":[{"href":"http:\/\/zpo.podedworze.pl\/index.php\/wp-json\/wp\/v2\/posts\/6924","targetHints":{"allow":["GET"]}}],"collection":[{"href":"http:\/\/zpo.podedworze.pl\/index.php\/wp-json\/wp\/v2\/posts"}],"about":[{"href":"http:\/\/zpo.podedworze.pl\/index.php\/wp-json\/wp\/v2\/types\/post"}],"author":[{"embeddable":true,"href":"http:\/\/zpo.podedworze.pl\/index.php\/wp-json\/wp\/v2\/users\/5"}],"replies":[{"embeddable":true,"href":"http:\/\/zpo.podedworze.pl\/index.php\/wp-json\/wp\/v2\/comments?post=6924"}],"version-history":[{"count":3,"href":"http:\/\/zpo.podedworze.pl\/index.php\/wp-json\/wp\/v2\/posts\/6924\/revisions"}],"predecessor-version":[{"id":6930,"href":"http:\/\/zpo.podedworze.pl\/index.php\/wp-json\/wp\/v2\/posts\/6924\/revisions\/6930"}],"wp:featuredmedia":[{"embeddable":true,"href":"http:\/\/zpo.podedworze.pl\/index.php\/wp-json\/wp\/v2\/media\/6928"}],"wp:attachment":[{"href":"http:\/\/zpo.podedworze.pl\/index.php\/wp-json\/wp\/v2\/media?parent=6924"}],"wp:term":[{"taxonomy":"category","embeddable":true,"href":"http:\/\/zpo.podedworze.pl\/index.php\/wp-json\/wp\/v2\/categories?post=6924"},{"taxonomy":"post_tag","embeddable":true,"href":"http:\/\/zpo.podedworze.pl\/index.php\/wp-json\/wp\/v2\/tags?post=6924"}],"curies":[{"name":"wp","href":"https:\/\/api.w.org\/{rel}","templated":true}]}}