{"id":6943,"date":"2018-12-07T16:19:04","date_gmt":"2018-12-07T15:19:04","guid":{"rendered":"http:\/\/zpo.podedworze.pl\/?p=6943"},"modified":"2018-12-07T16:19:04","modified_gmt":"2018-12-07T15:19:04","slug":"kampania-spoleczna-badzmy-poszukiwaczami-autorytetu-w-zpo-w-podedworzu","status":"publish","type":"post","link":"http:\/\/zpo.podedworze.pl\/index.php\/2018\/12\/07\/kampania-spoleczna-badzmy-poszukiwaczami-autorytetu-w-zpo-w-podedworzu\/","title":{"rendered":"Kampania spo\u0142eczna \u201eB\u0105d\u017amy poszukiwaczami Autorytetu\u201d w ZPO w Podedw\u00f3rzu"},"content":{"rendered":"<p>\u201cB\u0105d\u017amy poszukiwaczami AUTORYTETU\u201d to kampania profilaktyczno-edukacyjna kierowana do uczni\u00f3w klas IV \u2013 VIII, ich rodzic\u00f3w i nauczycieli. Jej realizacja zak\u0142ada przeprowadzenie dzia\u0142a\u0144 w zakresie profilaktyki zachowa\u0144 ryzykownych.<\/p>\n<p><strong>Generalna idea kampanii to odbudowanie i wzmocnienie w naszym spo\u0142ecze\u0144stwie autorytetu rodzica i nauczyciela.<\/strong><\/p>\n<p>Harmonogram dzia\u0142a\u0144 w ZPO w Podedw\u00f3rzu:<\/p>\n<ul>\n<li>6 grudnia 2018r. \u2013 spotkanie i zaj\u0119cia z Rodzicami, przeprowadzenie zaj\u0119\u0107, przekazanie Rodzicom kod\u00f3w do ankiet(Dyrektor Szko\u0142y),<\/li>\n<li>6 grudnia 2018r. \u2013 pretest dla Uczni\u00f3w (Iwona Kolada, Katarzyna Becher)<\/li>\n<li>6 grudnia 2018r. &#8211; spotkanie i zaj\u0119cia z Nauczycielami, przeprowadzenie zaj\u0119\u0107, przekazanie Nauczycielom kod\u00f3w do ankiet (Dyrektor Szko\u0142y),<\/li>\n<li>7 grudnia 2018r.- zaj\u0119cia z klasami IV-V \u2013 Iwona Kolada, zaj\u0119cia z klasami VI-VIII i III gimnazjum \u2013 Katarzyna Becher (8.00-8.45),<\/li>\n<li>7 grudnia 2018r. \u2013 posttest dla Uczni\u00f3w (Iwona Kolada, Katarzyna Becher).<\/li>\n<\/ul>\n<p>Wygenerowanie i upublicznienie raportu z bada\u0144 \u2013 stycze\u0144 2019r.<\/p>\n<p>Przydatny link:<\/p>\n<p><a href=\"https:\/\/autorytet.org\">https:\/\/autorytet.org<\/a><\/p>\n","protected":false},"excerpt":{"rendered":"<p>\u201cB\u0105d\u017amy poszukiwaczami AUTORYTETU\u201d to kampania profilaktyczno-edukacyjna kierowana do uczni\u00f3w klas IV \u2013 VIII, ich rodzic\u00f3w i nauczycieli. Jej realizacja zak\u0142ada przeprowadzenie dzia\u0142a\u0144 w zakresie profilaktyki zachowa\u0144 ryzykownych. Generalna idea kampanii to odbudowanie i wzmocnienie w&#8230;<\/p>\n","protected":false},"author":5,"featured_media":6944,"comment_status":"closed","ping_status":"closed","sticky":false,"template":"","format":"standard","meta":{"footnotes":""},"categories":[1],"tags":[],"class_list":["post-6943","post","type-post","status-publish","format-standard","has-post-thumbnail","hentry","category-bez-kategorii"],"_links":{"self":[{"href":"http:\/\/zpo.podedworze.pl\/index.php\/wp-json\/wp\/v2\/posts\/6943","targetHints":{"allow":["GET"]}}],"collection":[{"href":"http:\/\/zpo.podedworze.pl\/index.php\/wp-json\/wp\/v2\/posts"}],"about":[{"href":"http:\/\/zpo.podedworze.pl\/index.php\/wp-json\/wp\/v2\/types\/post"}],"author":[{"embeddable":true,"href":"http:\/\/zpo.podedworze.pl\/index.php\/wp-json\/wp\/v2\/users\/5"}],"replies":[{"embeddable":true,"href":"http:\/\/zpo.podedworze.pl\/index.php\/wp-json\/wp\/v2\/comments?post=6943"}],"version-history":[{"count":1,"href":"http:\/\/zpo.podedworze.pl\/index.php\/wp-json\/wp\/v2\/posts\/6943\/revisions"}],"predecessor-version":[{"id":6945,"href":"http:\/\/zpo.podedworze.pl\/index.php\/wp-json\/wp\/v2\/posts\/6943\/revisions\/6945"}],"wp:featuredmedia":[{"embeddable":true,"href":"http:\/\/zpo.podedworze.pl\/index.php\/wp-json\/wp\/v2\/media\/6944"}],"wp:attachment":[{"href":"http:\/\/zpo.podedworze.pl\/index.php\/wp-json\/wp\/v2\/media?parent=6943"}],"wp:term":[{"taxonomy":"category","embeddable":true,"href":"http:\/\/zpo.podedworze.pl\/index.php\/wp-json\/wp\/v2\/categories?post=6943"},{"taxonomy":"post_tag","embeddable":true,"href":"http:\/\/zpo.podedworze.pl\/index.php\/wp-json\/wp\/v2\/tags?post=6943"}],"curies":[{"name":"wp","href":"https:\/\/api.w.org\/{rel}","templated":true}]}}