{"id":8143,"date":"2019-03-04T16:55:15","date_gmt":"2019-03-04T15:55:15","guid":{"rendered":"http:\/\/zpo.podedworze.pl\/?p=8143"},"modified":"2019-03-04T16:55:41","modified_gmt":"2019-03-04T15:55:41","slug":"kamyk-do-ogrodka-niepodleglosci","status":"publish","type":"post","link":"http:\/\/zpo.podedworze.pl\/index.php\/2019\/03\/04\/kamyk-do-ogrodka-niepodleglosci\/","title":{"rendered":"\u201eKamyk do Ogr\u00f3dka NIEPODLEG\u0141O\u015aCI\u201d"},"content":{"rendered":"<p>Szanowni Rodzice,<br \/>\nDrodzy Uczniowie,<\/p>\n<p>w minionym roku przypada\u0142a setna rocznica odzyskania przez Polsk\u0119 niepodleg\u0142o\u015bci. \u015arodowisko szkolne podejmowa\u0142o wiele inicjatyw po\u015bwi\u0119conych temu donios\u0142emu wydarzeniu. M.in. uczniowie pod opiek\u0105 nauczycieli przygotowali inscenizacj\u0119 muzyczno-poetyck\u0105 \u201eUmi\u0142owa\u0142em to, co Ojczyste\u201d, brali\u015bmy udzia\u0142 w akcji sadzenia D\u0119b\u00f3w Niepodleg\u0142o\u015bci, ods\u0142onili\u015bmy pami\u0105tkowe tablice po\u015bwi\u0119cone \u201ePrawdom Polak\u00f3w\u201d&#8230;<\/p>\n<p>W bie\u017c\u0105cym roku chcemy kontynuowa\u0107 dzia\u0142ania nakierowane na kszta\u0142towanie postaw patriotycznych.<\/p>\n<p>Postanowili\u015bmy zainicjowa\u0107 lokaln\u0105 akcj\u0119 pn. \u201eKamyk do Ogr\u00f3dka NIEPODLEG\u0141O\u015aCI\u201d. Dzia\u0142anie ma na celu zintegrowanie \u015brodowiska wok\u00f3\u0142 dalszego urz\u0105dzania naszego szkolnego Skweru Niepodleg\u0142o\u015bci.<\/p>\n<p>Potrzebne s\u0105 nam kamyki polne, kt\u00f3re wykorzystamy do aran\u017cacji przestrzeni przy naszym szkolnym pomniku z \u201ePrawdami Polak\u00f3w\u201d. Prosimy Uczni\u00f3w i Rodzic\u00f3w o wsparcie naszej inicjatywy. Wrzu\u0107my razem \u201eKamyk do Ogr\u00f3dka Niepodleg\u0142o\u015bci\u201d.<\/p>\n<p>Z powa\u017caniem<\/p>\n<p>Dyrektor i Nauczyciele ZPO w Podedw\u00f3rzu<\/p>\n<p>&nbsp;<\/p>\n<p>&nbsp;<\/p>\n<p>&nbsp;<\/p>\n<p>.<\/p>\n","protected":false},"excerpt":{"rendered":"<p>Szanowni Rodzice, Drodzy Uczniowie, w minionym roku przypada\u0142a setna rocznica odzyskania przez Polsk\u0119 niepodleg\u0142o\u015bci. \u015arodowisko szkolne podejmowa\u0142o wiele inicjatyw po\u015bwi\u0119conych temu donios\u0142emu wydarzeniu. M.in. uczniowie pod opiek\u0105 nauczycieli przygotowali inscenizacj\u0119 muzyczno-poetyck\u0105 \u201eUmi\u0142owa\u0142em to, co Ojczyste\u201d,&#8230;<\/p>\n","protected":false},"author":5,"featured_media":8144,"comment_status":"closed","ping_status":"closed","sticky":false,"template":"","format":"standard","meta":{"footnotes":""},"categories":[1],"tags":[],"class_list":["post-8143","post","type-post","status-publish","format-standard","has-post-thumbnail","hentry","category-bez-kategorii"],"_links":{"self":[{"href":"http:\/\/zpo.podedworze.pl\/index.php\/wp-json\/wp\/v2\/posts\/8143","targetHints":{"allow":["GET"]}}],"collection":[{"href":"http:\/\/zpo.podedworze.pl\/index.php\/wp-json\/wp\/v2\/posts"}],"about":[{"href":"http:\/\/zpo.podedworze.pl\/index.php\/wp-json\/wp\/v2\/types\/post"}],"author":[{"embeddable":true,"href":"http:\/\/zpo.podedworze.pl\/index.php\/wp-json\/wp\/v2\/users\/5"}],"replies":[{"embeddable":true,"href":"http:\/\/zpo.podedworze.pl\/index.php\/wp-json\/wp\/v2\/comments?post=8143"}],"version-history":[{"count":2,"href":"http:\/\/zpo.podedworze.pl\/index.php\/wp-json\/wp\/v2\/posts\/8143\/revisions"}],"predecessor-version":[{"id":8146,"href":"http:\/\/zpo.podedworze.pl\/index.php\/wp-json\/wp\/v2\/posts\/8143\/revisions\/8146"}],"wp:featuredmedia":[{"embeddable":true,"href":"http:\/\/zpo.podedworze.pl\/index.php\/wp-json\/wp\/v2\/media\/8144"}],"wp:attachment":[{"href":"http:\/\/zpo.podedworze.pl\/index.php\/wp-json\/wp\/v2\/media?parent=8143"}],"wp:term":[{"taxonomy":"category","embeddable":true,"href":"http:\/\/zpo.podedworze.pl\/index.php\/wp-json\/wp\/v2\/categories?post=8143"},{"taxonomy":"post_tag","embeddable":true,"href":"http:\/\/zpo.podedworze.pl\/index.php\/wp-json\/wp\/v2\/tags?post=8143"}],"curies":[{"name":"wp","href":"https:\/\/api.w.org\/{rel}","templated":true}]}}