{"id":9627,"date":"2019-06-25T08:53:46","date_gmt":"2019-06-25T06:53:46","guid":{"rendered":"http:\/\/zpo.podedworze.pl\/?p=9627"},"modified":"2019-06-26T12:23:58","modified_gmt":"2019-06-26T10:23:58","slug":"wspanialy-wystep-naszych-najmlodszych-uczniow","status":"publish","type":"post","link":"http:\/\/zpo.podedworze.pl\/index.php\/2019\/06\/25\/wspanialy-wystep-naszych-najmlodszych-uczniow\/","title":{"rendered":"Wspania\u0142y wyst\u0119p naszych najm\u0142odszych uczni\u00f3w"},"content":{"rendered":"<p>23 czerwca 2019 r. podczas \u015awi\u0119ta Gminy Podedw\u00f3rze dzieci z Zespo\u0142u Plac\u00f3wek O\u015bwiatowych mia\u0142y niezwyk\u0142\u0105 muzyczn\u0105 przygod\u0119. Wyst\u0105pi\u0142y na scenie obok artyst\u00f3w z grupy <strong><em>Rokiczanka<\/em><\/strong>.<\/p>\n<p>Nasi mali arty\u015bci wykonali nast\u0119puj\u0105ce utwory \u201eCzerwone jagody\u201d, \u201ePosz\u0142o dziewcz\u0119 po ziele\u201d, \u201eZachodzi s\u0142oneczko\u201d, \u201eLipka\u201d, \u201eKuku\u0142eczka\u201d.<\/p>\n<p>\u015awietnie bawi\u0105ca si\u0119 publiczno\u015b\u0107 gromkimi oklaskami nagradza\u0142a Rokiczank\u0119 oraz nasze Rumianeczki (bo tak\u0105 nazw\u0119 przyj\u0119\u0142a grupa).<\/p>\n<p>Serdeczne podzi\u0119kowania kierujemy do Stowarzyszenia Aktywizacji Polesia Lubelskiego. To dzi\u0119ki grantowi uzyskanemu przez Stowarzyszenie dzieci mog\u0142y uczestniczy\u0107 w warsztatach muzycznych, gdzie swoje umiej\u0119tno\u015bci doskonali\u0142y pod kierunkiem artyst\u00f3w z <strong><em>Rokiczanki<\/em><\/strong>.<\/p>\n<p>Dzi\u0119kujemy Rodzicom za wspieranie dzia\u0142a\u0144 dzieci i mobilizowanie ich do zaj\u0119\u0107 i licznych pr\u00f3b muzycznych. Efekty tych poczyna\u0144 pokaza\u0142y, \u017ce marzenia mo\u017cna realizowa\u0107. I sprawdzaj\u0105 si\u0119 s\u0142owa, \u017ce \u201eDziecka nie okre\u015bla \u017cadna ocena szkolna, lecz praca nad sob\u0105 i wysi\u0142ek, jaki musia\u0142o w\u0142o\u017cy\u0107, by by\u0107 w miejscu, w kt\u00f3rym jest obecnie\u201d.<\/p>\n<p>Nasze Rumianeczki wyst\u0105pi\u0142y w sk\u0142adzie: Ania i Anto\u015b Mocior, Ola Wildt, Basia Dzyruk, Ala Dudyk, Ania Wo\u0142os, Kornelka Penkaj\u0142o, Amelka Welik, Julia Rudkowska.<\/p>\n<p>Wsp\u00f3lny wyst\u0119p zespo\u0142u Rokiczanka i grupy Rumianeczki:<\/p>\n<p><iframe loading=\"lazy\" width=\"670\" height=\"377\" src=\"https:\/\/www.youtube.com\/embed\/Z6lqcCkSUpM?feature=oembed\" frameborder=\"0\" allow=\"accelerometer; autoplay; encrypted-media; gyroscope; picture-in-picture\" allowfullscreen><\/iframe><\/p>\n<p>Pod tym linkiem mo\u017cna zapozna\u0107 si\u0119 z tw\u00f3rczo\u015bci\u0105 zespo\u0142u\u00a0<strong><em>Rokiczanka<\/em><\/strong><em>:<\/em><\/p>\n<p><iframe loading=\"lazy\" width=\"670\" height=\"377\" src=\"https:\/\/www.youtube.com\/embed\/IsUxZC9dUgo?feature=oembed\" frameborder=\"0\" allow=\"accelerometer; autoplay; encrypted-media; gyroscope; picture-in-picture\" allowfullscreen><\/iframe><\/p>\n<div id='gallery-1' class='gallery galleryid-9627 gallery-columns-2 gallery-size-thumbnail'><figure class='gallery-item'>\n\t\t\t<div class='gallery-icon landscape'>\n\t\t\t\t<a href='http:\/\/zpo.podedworze.pl\/index.php\/2019\/06\/25\/wspanialy-wystep-naszych-najmlodszych-uczniow\/attachment\/12511\/'><img loading=\"lazy\" decoding=\"async\" width=\"150\" height=\"150\" src=\"http:\/\/zpo.podedworze.pl\/wp-content\/uploads\/2019\/06\/12511-150x150.jpeg\" class=\"attachment-thumbnail size-thumbnail\" alt=\"\" \/><\/a>\n\t\t\t<\/div><\/figure><figure class='gallery-item'>\n\t\t\t<div class='gallery-icon landscape'>\n\t\t\t\t<a href='http:\/\/zpo.podedworze.pl\/index.php\/2019\/06\/25\/wspanialy-wystep-naszych-najmlodszych-uczniow\/attachment\/12535\/'><img loading=\"lazy\" decoding=\"async\" width=\"150\" height=\"150\" src=\"http:\/\/zpo.podedworze.pl\/wp-content\/uploads\/2019\/06\/12535-150x150.jpeg\" class=\"attachment-thumbnail size-thumbnail\" alt=\"\" \/><\/a>\n\t\t\t<\/div><\/figure>\n\t\t<\/div>\n\n","protected":false},"excerpt":{"rendered":"<p>23 czerwca 2019 r. podczas \u015awi\u0119ta Gminy Podedw\u00f3rze dzieci z Zespo\u0142u Plac\u00f3wek O\u015bwiatowych mia\u0142y niezwyk\u0142\u0105 muzyczn\u0105 przygod\u0119. Wyst\u0105pi\u0142y na scenie obok artyst\u00f3w z grupy Rokiczanka. Nasi mali arty\u015bci wykonali nast\u0119puj\u0105ce utwory \u201eCzerwone jagody\u201d, \u201ePosz\u0142o dziewcz\u0119&#8230;<\/p>\n","protected":false},"author":5,"featured_media":9629,"comment_status":"closed","ping_status":"closed","sticky":false,"template":"","format":"standard","meta":{"footnotes":""},"categories":[1],"tags":[],"class_list":["post-9627","post","type-post","status-publish","format-standard","has-post-thumbnail","hentry","category-bez-kategorii"],"_links":{"self":[{"href":"http:\/\/zpo.podedworze.pl\/index.php\/wp-json\/wp\/v2\/posts\/9627","targetHints":{"allow":["GET"]}}],"collection":[{"href":"http:\/\/zpo.podedworze.pl\/index.php\/wp-json\/wp\/v2\/posts"}],"about":[{"href":"http:\/\/zpo.podedworze.pl\/index.php\/wp-json\/wp\/v2\/types\/post"}],"author":[{"embeddable":true,"href":"http:\/\/zpo.podedworze.pl\/index.php\/wp-json\/wp\/v2\/users\/5"}],"replies":[{"embeddable":true,"href":"http:\/\/zpo.podedworze.pl\/index.php\/wp-json\/wp\/v2\/comments?post=9627"}],"version-history":[{"count":5,"href":"http:\/\/zpo.podedworze.pl\/index.php\/wp-json\/wp\/v2\/posts\/9627\/revisions"}],"predecessor-version":[{"id":9634,"href":"http:\/\/zpo.podedworze.pl\/index.php\/wp-json\/wp\/v2\/posts\/9627\/revisions\/9634"}],"wp:featuredmedia":[{"embeddable":true,"href":"http:\/\/zpo.podedworze.pl\/index.php\/wp-json\/wp\/v2\/media\/9629"}],"wp:attachment":[{"href":"http:\/\/zpo.podedworze.pl\/index.php\/wp-json\/wp\/v2\/media?parent=9627"}],"wp:term":[{"taxonomy":"category","embeddable":true,"href":"http:\/\/zpo.podedworze.pl\/index.php\/wp-json\/wp\/v2\/categories?post=9627"},{"taxonomy":"post_tag","embeddable":true,"href":"http:\/\/zpo.podedworze.pl\/index.php\/wp-json\/wp\/v2\/tags?post=9627"}],"curies":[{"name":"wp","href":"https:\/\/api.w.org\/{rel}","templated":true}]}}