{"id":9648,"date":"2019-07-02T19:09:38","date_gmt":"2019-07-02T17:09:38","guid":{"rendered":"http:\/\/zpo.podedworze.pl\/?p=9648"},"modified":"2019-07-05T12:55:57","modified_gmt":"2019-07-05T10:55:57","slug":"uroczyste-zakonczenie-roku-szkolnego-20182019","status":"publish","type":"post","link":"http:\/\/zpo.podedworze.pl\/index.php\/2019\/07\/02\/uroczyste-zakonczenie-roku-szkolnego-20182019\/","title":{"rendered":"Uroczyste zako\u0144czenie roku szkolnego 2018\/2019"},"content":{"rendered":"<p>Ceremonia zako\u0144czenia roku szkolnego 2018 \/2019 rozpocz\u0119\u0142a si\u0119 msz\u0105 \u015bwi\u0119t\u0105 w ko\u015bciele \u201cbia\u0142ym\u201d. Nast\u0119pnie uroczysto\u015b\u0107 przenios\u0142a si\u0119 do sali gimnastycznej. Wzi\u0119li w niej udzia\u0142 zaproszeni go\u015bcie, rodzice, nauczyciele, pracownicy szko\u0142y oraz uczniowie.\u00a0\u00a0Po od\u015bpiewaniu hymnu narodowego nast\u0105pi\u0142o przekazanie sztandaru szko\u0142y podstawowej m\u0142odszym rocznikom oraz po\u017cegnanie sztandaru gimnazjalnego. Reforma edukacji spowodowa\u0142a zamkni\u0119cie tego typu szk\u00f3\u0142, tym samym zako\u0144czy\u0142a si\u0119 20-letnia historia gimnazj\u00f3w. Dyrektor szko\u0142y Pan Artur Becher podzi\u0119kowa\u0142 rodzicom za wsparcie i zaanga\u017cowanie, a nauczycielom i uczniom za ca\u0142oroczna prac\u0119.<\/p>\n<p>Po uroczystych przem\u00f3wieniach zosta\u0142y wr\u0119czone nagrody za bardzo dobre wyniki w nauce, wzorowe zachowanie, najwy\u017cszy wynik egzamin\u00f3w, stuprocentow\u0105 frekwencj\u0119 oraz aktywno\u015b\u0107 szkoln\u0105.Rodzice absolwent\u00f3w klasy \u00f3smej i trzeciej gimnazjum, maj\u0105cych najlepsze wyniki otrzymali listy gratulacyjne, a wszyscy absolwenci pami\u0105tkowe dyplomy.<\/p>\n<p>Po zako\u0144czeniu cz\u0119\u015bci oficjalnej \u00f3smoklasi\u015bci po\u017cegnali szko\u0142\u0119 wzruszaj\u0105cym monta\u017cem s\u0142owno-muzycznym. Natomiast ostatni rocznik gimnazjalny wyst\u0105pi\u0142 z humorystyczn\u0105 cz\u0119\u015bci\u0105 artystyczn\u0105. Dzi\u0119kujemy naszym absolwentom i \u017cyczymy dostania si\u0119 do wymarzonych szk\u00f3\u0142, sukces\u00f3w w nauce oraz wytrwa\u0142o\u015bci w realizacji marze\u0144.<\/p>\n<p>Zako\u0144czenie roku szkolnego to czas podsumowa\u0144, podzi\u0119kowa\u0144 i po\u017cegna\u0144. Opr\u00f3cz absolwent\u00f3w nasz\u0105 szko\u0142\u0119 po\u017cegna\u0142y te\u017c panie: Barbara Sozoniuk i Teresa Wilkowska. Pan Dyrektor podzi\u0119kowa\u0142 nauczycielkom odchodz\u0105cym na emerytur\u0119, za wieloletni\u0105 prac\u0119, zaanga\u017cowanie, liczne sukcesy zawodowe. Nast\u0119pnie wszyscy uczniowie udali si\u0119 do klas, aby z r\u0105k wychowawc\u00f3w otrzyma\u0107 upragnione \u015bwiadectwa. Kolejny rok szkolny za nami &#8211; \u017cyczymy wspania\u0142ych wakacji i zas\u0142u\u017conego odpoczynku.<\/p>\n<p>Do zobaczenia we wrze\u015bniu!<\/p>\n<div id='gallery-1' class='gallery galleryid-9648 gallery-columns-4 gallery-size-thumbnail'><figure class='gallery-item'>\n\t\t\t<div class='gallery-icon landscape'>\n\t\t\t\t<a href='http:\/\/zpo.podedworze.pl\/index.php\/2019\/07\/02\/uroczyste-zakonczenie-roku-szkolnego-20182019\/resized_20190619_112717_9137\/'><img loading=\"lazy\" decoding=\"async\" width=\"150\" height=\"150\" src=\"http:\/\/zpo.podedworze.pl\/wp-content\/uploads\/2019\/07\/Resized_20190619_112717_9137-150x150.jpeg\" class=\"attachment-thumbnail size-thumbnail\" alt=\"\" \/><\/a>\n\t\t\t<\/div><\/figure><figure class='gallery-item'>\n\t\t\t<div class='gallery-icon landscape'>\n\t\t\t\t<a href='http:\/\/zpo.podedworze.pl\/index.php\/2019\/07\/02\/uroczyste-zakonczenie-roku-szkolnego-20182019\/resized_20190619_112856_8444\/'><img loading=\"lazy\" decoding=\"async\" width=\"150\" height=\"150\" src=\"http:\/\/zpo.podedworze.pl\/wp-content\/uploads\/2019\/07\/Resized_20190619_112856_8444-150x150.jpeg\" class=\"attachment-thumbnail size-thumbnail\" alt=\"\" \/><\/a>\n\t\t\t<\/div><\/figure><figure class='gallery-item'>\n\t\t\t<div class='gallery-icon landscape'>\n\t\t\t\t<a href='http:\/\/zpo.podedworze.pl\/index.php\/2019\/07\/02\/uroczyste-zakonczenie-roku-szkolnego-20182019\/resized_20190619_112921_7908\/'><img loading=\"lazy\" decoding=\"async\" width=\"150\" height=\"150\" src=\"http:\/\/zpo.podedworze.pl\/wp-content\/uploads\/2019\/07\/Resized_20190619_112921_7908-150x150.jpeg\" class=\"attachment-thumbnail size-thumbnail\" alt=\"\" \/><\/a>\n\t\t\t<\/div><\/figure><figure class='gallery-item'>\n\t\t\t<div class='gallery-icon landscape'>\n\t\t\t\t<a href='http:\/\/zpo.podedworze.pl\/index.php\/2019\/07\/02\/uroczyste-zakonczenie-roku-szkolnego-20182019\/resized_20190619_113040_7565\/'><img loading=\"lazy\" decoding=\"async\" width=\"150\" height=\"150\" src=\"http:\/\/zpo.podedworze.pl\/wp-content\/uploads\/2019\/07\/Resized_20190619_113040_7565-150x150.jpeg\" class=\"attachment-thumbnail size-thumbnail\" alt=\"\" \/><\/a>\n\t\t\t<\/div><\/figure><figure class='gallery-item'>\n\t\t\t<div class='gallery-icon landscape'>\n\t\t\t\t<a href='http:\/\/zpo.podedworze.pl\/index.php\/2019\/07\/02\/uroczyste-zakonczenie-roku-szkolnego-20182019\/resized_20190619_113051_6694\/'><img loading=\"lazy\" decoding=\"async\" width=\"150\" height=\"150\" src=\"http:\/\/zpo.podedworze.pl\/wp-content\/uploads\/2019\/07\/Resized_20190619_113051_6694-150x150.jpeg\" class=\"attachment-thumbnail size-thumbnail\" alt=\"\" \/><\/a>\n\t\t\t<\/div><\/figure><figure class='gallery-item'>\n\t\t\t<div class='gallery-icon landscape'>\n\t\t\t\t<a href='http:\/\/zpo.podedworze.pl\/index.php\/2019\/07\/02\/uroczyste-zakonczenie-roku-szkolnego-20182019\/resized_20190619_113130_6066\/'><img loading=\"lazy\" decoding=\"async\" width=\"150\" height=\"150\" src=\"http:\/\/zpo.podedworze.pl\/wp-content\/uploads\/2019\/07\/Resized_20190619_113130_6066-150x150.jpeg\" class=\"attachment-thumbnail size-thumbnail\" alt=\"\" \/><\/a>\n\t\t\t<\/div><\/figure><figure class='gallery-item'>\n\t\t\t<div class='gallery-icon landscape'>\n\t\t\t\t<a href='http:\/\/zpo.podedworze.pl\/index.php\/2019\/07\/02\/uroczyste-zakonczenie-roku-szkolnego-20182019\/resized_20190619_113137_5337\/'><img loading=\"lazy\" decoding=\"async\" width=\"150\" height=\"150\" src=\"http:\/\/zpo.podedworze.pl\/wp-content\/uploads\/2019\/07\/Resized_20190619_113137_5337-150x150.jpeg\" class=\"attachment-thumbnail size-thumbnail\" alt=\"\" \/><\/a>\n\t\t\t<\/div><\/figure><figure class='gallery-item'>\n\t\t\t<div class='gallery-icon landscape'>\n\t\t\t\t<a href='http:\/\/zpo.podedworze.pl\/index.php\/2019\/07\/02\/uroczyste-zakonczenie-roku-szkolnego-20182019\/resized_20190619_113307_4612\/'><img loading=\"lazy\" decoding=\"async\" width=\"150\" height=\"150\" src=\"http:\/\/zpo.podedworze.pl\/wp-content\/uploads\/2019\/07\/Resized_20190619_113307_4612-150x150.jpeg\" class=\"attachment-thumbnail size-thumbnail\" alt=\"\" \/><\/a>\n\t\t\t<\/div><\/figure><figure class='gallery-item'>\n\t\t\t<div class='gallery-icon portrait'>\n\t\t\t\t<a href='http:\/\/zpo.podedworze.pl\/index.php\/2019\/07\/02\/uroczyste-zakonczenie-roku-szkolnego-20182019\/66412326_2876732892551812_1997274811864186880_n\/'><img loading=\"lazy\" decoding=\"async\" width=\"150\" height=\"150\" src=\"http:\/\/zpo.podedworze.pl\/wp-content\/uploads\/2019\/07\/66412326_2876732892551812_1997274811864186880_n-150x150.jpg\" class=\"attachment-thumbnail size-thumbnail\" alt=\"\" \/><\/a>\n\t\t\t<\/div><\/figure><figure class='gallery-item'>\n\t\t\t<div class='gallery-icon landscape'>\n\t\t\t\t<a href='http:\/\/zpo.podedworze.pl\/index.php\/2019\/07\/02\/uroczyste-zakonczenie-roku-szkolnego-20182019\/64254334_900739346935336_8000347006595760128_n\/'><img loading=\"lazy\" decoding=\"async\" width=\"150\" height=\"150\" src=\"http:\/\/zpo.podedworze.pl\/wp-content\/uploads\/2019\/07\/64254334_900739346935336_8000347006595760128_n-150x150.jpg\" class=\"attachment-thumbnail size-thumbnail\" alt=\"\" \/><\/a>\n\t\t\t<\/div><\/figure><figure class='gallery-item'>\n\t\t\t<div class='gallery-icon landscape'>\n\t\t\t\t<a href='http:\/\/zpo.podedworze.pl\/index.php\/2019\/07\/02\/uroczyste-zakonczenie-roku-szkolnego-20182019\/65750084_324926218413270_2626456060092743680_n\/'><img loading=\"lazy\" decoding=\"async\" width=\"150\" height=\"150\" src=\"http:\/\/zpo.podedworze.pl\/wp-content\/uploads\/2019\/07\/65750084_324926218413270_2626456060092743680_n-150x150.jpg\" class=\"attachment-thumbnail size-thumbnail\" alt=\"\" \/><\/a>\n\t\t\t<\/div><\/figure><figure class='gallery-item'>\n\t\t\t<div class='gallery-icon landscape'>\n\t\t\t\t<a href='http:\/\/zpo.podedworze.pl\/index.php\/2019\/07\/02\/uroczyste-zakonczenie-roku-szkolnego-20182019\/65769715_2378913515522306_8112728725725904896_n\/'><img loading=\"lazy\" decoding=\"async\" width=\"150\" height=\"150\" src=\"http:\/\/zpo.podedworze.pl\/wp-content\/uploads\/2019\/07\/65769715_2378913515522306_8112728725725904896_n-150x150.jpg\" class=\"attachment-thumbnail size-thumbnail\" alt=\"\" \/><\/a>\n\t\t\t<\/div><\/figure><figure class='gallery-item'>\n\t\t\t<div class='gallery-icon landscape'>\n\t\t\t\t<a href='http:\/\/zpo.podedworze.pl\/index.php\/2019\/07\/02\/uroczyste-zakonczenie-roku-szkolnego-20182019\/65792573_471306316936039_7035925324483264512_n\/'><img loading=\"lazy\" decoding=\"async\" width=\"150\" height=\"150\" src=\"http:\/\/zpo.podedworze.pl\/wp-content\/uploads\/2019\/07\/65792573_471306316936039_7035925324483264512_n-150x150.jpg\" class=\"attachment-thumbnail size-thumbnail\" alt=\"\" \/><\/a>\n\t\t\t<\/div><\/figure><figure class='gallery-item'>\n\t\t\t<div class='gallery-icon landscape'>\n\t\t\t\t<a href='http:\/\/zpo.podedworze.pl\/index.php\/2019\/07\/02\/uroczyste-zakonczenie-roku-szkolnego-20182019\/65871998_487584171786906_8532669831697137664_n\/'><img loading=\"lazy\" decoding=\"async\" width=\"150\" height=\"150\" src=\"http:\/\/zpo.podedworze.pl\/wp-content\/uploads\/2019\/07\/65871998_487584171786906_8532669831697137664_n-150x150.jpg\" class=\"attachment-thumbnail size-thumbnail\" alt=\"\" \/><\/a>\n\t\t\t<\/div><\/figure><figure class='gallery-item'>\n\t\t\t<div class='gallery-icon landscape'>\n\t\t\t\t<a href='http:\/\/zpo.podedworze.pl\/index.php\/2019\/07\/02\/uroczyste-zakonczenie-roku-szkolnego-20182019\/65964856_903376826665949_8935577045832826880_n\/'><img loading=\"lazy\" decoding=\"async\" width=\"150\" height=\"150\" src=\"http:\/\/zpo.podedworze.pl\/wp-content\/uploads\/2019\/07\/65964856_903376826665949_8935577045832826880_n-150x150.jpg\" class=\"attachment-thumbnail size-thumbnail\" alt=\"\" \/><\/a>\n\t\t\t<\/div><\/figure><figure class='gallery-item'>\n\t\t\t<div class='gallery-icon landscape'>\n\t\t\t\t<a href='http:\/\/zpo.podedworze.pl\/index.php\/2019\/07\/02\/uroczyste-zakonczenie-roku-szkolnego-20182019\/66057927_204907587096331_1338813315584884736_n\/'><img loading=\"lazy\" decoding=\"async\" width=\"150\" height=\"150\" src=\"http:\/\/zpo.podedworze.pl\/wp-content\/uploads\/2019\/07\/66057927_204907587096331_1338813315584884736_n-150x150.jpg\" class=\"attachment-thumbnail size-thumbnail\" alt=\"\" \/><\/a>\n\t\t\t<\/div><\/figure><figure class='gallery-item'>\n\t\t\t<div class='gallery-icon landscape'>\n\t\t\t\t<a href='http:\/\/zpo.podedworze.pl\/index.php\/2019\/07\/02\/uroczyste-zakonczenie-roku-szkolnego-20182019\/66101043_2368918836709107_3083122684087762944_n\/'><img loading=\"lazy\" decoding=\"async\" width=\"150\" height=\"150\" src=\"http:\/\/zpo.podedworze.pl\/wp-content\/uploads\/2019\/07\/66101043_2368918836709107_3083122684087762944_n-150x150.jpg\" class=\"attachment-thumbnail size-thumbnail\" alt=\"\" \/><\/a>\n\t\t\t<\/div><\/figure><figure class='gallery-item'>\n\t\t\t<div class='gallery-icon landscape'>\n\t\t\t\t<a href='http:\/\/zpo.podedworze.pl\/index.php\/2019\/07\/02\/uroczyste-zakonczenie-roku-szkolnego-20182019\/66373317_362228701142786_7238035932698378240_n\/'><img loading=\"lazy\" decoding=\"async\" width=\"150\" height=\"150\" src=\"http:\/\/zpo.podedworze.pl\/wp-content\/uploads\/2019\/07\/66373317_362228701142786_7238035932698378240_n-150x150.jpg\" class=\"attachment-thumbnail size-thumbnail\" alt=\"\" \/><\/a>\n\t\t\t<\/div><\/figure>\n\t\t<\/div>\n\n","protected":false},"excerpt":{"rendered":"<p>Ceremonia zako\u0144czenia roku szkolnego 2018 \/2019 rozpocz\u0119\u0142a si\u0119 msz\u0105 \u015bwi\u0119t\u0105 w ko\u015bciele \u201cbia\u0142ym\u201d. Nast\u0119pnie uroczysto\u015b\u0107 przenios\u0142a si\u0119 do sali gimnastycznej. Wzi\u0119li w niej udzia\u0142 zaproszeni go\u015bcie, rodzice, nauczyciele, pracownicy szko\u0142y oraz uczniowie.\u00a0\u00a0Po od\u015bpiewaniu hymnu narodowego&#8230;<\/p>\n","protected":false},"author":5,"featured_media":9655,"comment_status":"closed","ping_status":"closed","sticky":false,"template":"","format":"standard","meta":{"footnotes":""},"categories":[1],"tags":[],"class_list":["post-9648","post","type-post","status-publish","format-standard","has-post-thumbnail","hentry","category-bez-kategorii"],"_links":{"self":[{"href":"http:\/\/zpo.podedworze.pl\/index.php\/wp-json\/wp\/v2\/posts\/9648","targetHints":{"allow":["GET"]}}],"collection":[{"href":"http:\/\/zpo.podedworze.pl\/index.php\/wp-json\/wp\/v2\/posts"}],"about":[{"href":"http:\/\/zpo.podedworze.pl\/index.php\/wp-json\/wp\/v2\/types\/post"}],"author":[{"embeddable":true,"href":"http:\/\/zpo.podedworze.pl\/index.php\/wp-json\/wp\/v2\/users\/5"}],"replies":[{"embeddable":true,"href":"http:\/\/zpo.podedworze.pl\/index.php\/wp-json\/wp\/v2\/comments?post=9648"}],"version-history":[{"count":4,"href":"http:\/\/zpo.podedworze.pl\/index.php\/wp-json\/wp\/v2\/posts\/9648\/revisions"}],"predecessor-version":[{"id":9670,"href":"http:\/\/zpo.podedworze.pl\/index.php\/wp-json\/wp\/v2\/posts\/9648\/revisions\/9670"}],"wp:featuredmedia":[{"embeddable":true,"href":"http:\/\/zpo.podedworze.pl\/index.php\/wp-json\/wp\/v2\/media\/9655"}],"wp:attachment":[{"href":"http:\/\/zpo.podedworze.pl\/index.php\/wp-json\/wp\/v2\/media?parent=9648"}],"wp:term":[{"taxonomy":"category","embeddable":true,"href":"http:\/\/zpo.podedworze.pl\/index.php\/wp-json\/wp\/v2\/categories?post=9648"},{"taxonomy":"post_tag","embeddable":true,"href":"http:\/\/zpo.podedworze.pl\/index.php\/wp-json\/wp\/v2\/tags?post=9648"}],"curies":[{"name":"wp","href":"https:\/\/api.w.org\/{rel}","templated":true}]}}