{"id":9699,"date":"2019-08-30T21:34:54","date_gmt":"2019-08-30T19:34:54","guid":{"rendered":"http:\/\/zpo.podedworze.pl\/?p=9699"},"modified":"2019-08-30T21:34:54","modified_gmt":"2019-08-30T19:34:54","slug":"inauguracja-roku-szkolnego-20192020-w-zespole-placowek-oswiatowych-w-podedworzu","status":"publish","type":"post","link":"http:\/\/zpo.podedworze.pl\/index.php\/2019\/08\/30\/inauguracja-roku-szkolnego-20192020-w-zespole-placowek-oswiatowych-w-podedworzu\/","title":{"rendered":"Inauguracja roku szkolnego 2019\/2020 w Zespole Plac\u00f3wek O\u015bwiatowych w Podedw\u00f3rzu"},"content":{"rendered":"<p><strong><em>Szanowni Rodzice i Nauczyciele,<br \/>\nDrodzy Uczniowie,<\/p>\n<p><\/em><\/strong><\/p>\n<p>w poniedzia\u0142ek\u00a0 drugiego wrze\u015bnia 2019r. rozpoczynamy nowy rok szkolny. Sta\u0142o si\u0119 tradycj\u0105 naszej wsp\u00f3lnoty, \u017ce rozpoczynaj\u0105c nasze edukacyjne dzie\u0142o uczestniczymy we Mszy \u015aw. w intencji: uczni\u00f3w, rodzic\u00f3w, nauczycieli i wychowawc\u00f3w.\u00a0 Nasza Plac\u00f3wka przyst\u0105pi\u0142a r\u00f3wnie\u017c do akcji \u201eNarodowe Czytanie 2019\u201d.<\/p>\n<p>W imieniu w\u0142asnym i Grona Pedagogicznego zapraszam do udzia\u0142u w inauguracji roku szkolnego 2019\/2020.<\/p>\n<p><strong>Ramowy plan uroczysto\u015bci:<\/strong><\/p>\n<p>9.00 \u2013 Msza \u015aw. w Ko\u015bciele Bia\u0142ym.<\/p>\n<p>10.15 \u2013 uroczysto\u015bci w Zespole Plac\u00f3wek O\u015bwiatowych w Podedw\u00f3rzu:<\/p>\n<p>&#8211; wsp\u00f3lne od\u015bpiewanie hymnu narodowego w asy\u015bcie pocztu sztandarowego,<\/p>\n<p>&#8211; powitanie Go\u015bci,<\/p>\n<p>&#8211; \u201ePrzerwany Marsz\u2026\u201d\u00a0 &#8211; osiemdziesi\u0105ta rocznica wybuchu II wojny \u015bwiatowej,<\/p>\n<p>&#8211; Narodowe Czytanie 2019 w ZPO w Podedw\u00f3rzu,<\/p>\n<p>&#8211; wyst\u0105pienia: dyrektora szko\u0142y oraz zaproszonych Go\u015bci,<\/p>\n<p>&#8211; zako\u0144czenie oficjalnych uroczysto\u015bci.<\/p>\n<p>11.20 \u2013 spotkania uczni\u00f3w z wychowawcami klas.<\/p>\n<ol start=\"11\">\n<li>45 &#8211; odjazd uczni\u00f3w kursem zbiorczym.<\/li>\n<\/ol>\n<p>&nbsp;<\/p>\n<p style=\"text-align: right;\"><strong>Dyrektor Szko\u0142y<br \/>\nArtur Becher<\/strong><\/p>\n","protected":false},"excerpt":{"rendered":"<p>Szanowni Rodzice i Nauczyciele, Drodzy Uczniowie, w poniedzia\u0142ek\u00a0 drugiego wrze\u015bnia 2019r. rozpoczynamy nowy rok szkolny. Sta\u0142o si\u0119 tradycj\u0105 naszej wsp\u00f3lnoty, \u017ce rozpoczynaj\u0105c nasze edukacyjne dzie\u0142o uczestniczymy we Mszy \u015aw. w intencji: uczni\u00f3w, rodzic\u00f3w, nauczycieli i&#8230;<\/p>\n","protected":false},"author":5,"featured_media":9701,"comment_status":"closed","ping_status":"closed","sticky":false,"template":"","format":"standard","meta":{"footnotes":""},"categories":[1],"tags":[],"class_list":["post-9699","post","type-post","status-publish","format-standard","has-post-thumbnail","hentry","category-bez-kategorii"],"_links":{"self":[{"href":"http:\/\/zpo.podedworze.pl\/index.php\/wp-json\/wp\/v2\/posts\/9699","targetHints":{"allow":["GET"]}}],"collection":[{"href":"http:\/\/zpo.podedworze.pl\/index.php\/wp-json\/wp\/v2\/posts"}],"about":[{"href":"http:\/\/zpo.podedworze.pl\/index.php\/wp-json\/wp\/v2\/types\/post"}],"author":[{"embeddable":true,"href":"http:\/\/zpo.podedworze.pl\/index.php\/wp-json\/wp\/v2\/users\/5"}],"replies":[{"embeddable":true,"href":"http:\/\/zpo.podedworze.pl\/index.php\/wp-json\/wp\/v2\/comments?post=9699"}],"version-history":[{"count":1,"href":"http:\/\/zpo.podedworze.pl\/index.php\/wp-json\/wp\/v2\/posts\/9699\/revisions"}],"predecessor-version":[{"id":9700,"href":"http:\/\/zpo.podedworze.pl\/index.php\/wp-json\/wp\/v2\/posts\/9699\/revisions\/9700"}],"wp:featuredmedia":[{"embeddable":true,"href":"http:\/\/zpo.podedworze.pl\/index.php\/wp-json\/wp\/v2\/media\/9701"}],"wp:attachment":[{"href":"http:\/\/zpo.podedworze.pl\/index.php\/wp-json\/wp\/v2\/media?parent=9699"}],"wp:term":[{"taxonomy":"category","embeddable":true,"href":"http:\/\/zpo.podedworze.pl\/index.php\/wp-json\/wp\/v2\/categories?post=9699"},{"taxonomy":"post_tag","embeddable":true,"href":"http:\/\/zpo.podedworze.pl\/index.php\/wp-json\/wp\/v2\/tags?post=9699"}],"curies":[{"name":"wp","href":"https:\/\/api.w.org\/{rel}","templated":true}]}}