{"id":9999,"date":"2019-09-27T18:28:37","date_gmt":"2019-09-27T16:28:37","guid":{"rendered":"http:\/\/zpo.podedworze.pl\/?p=9999"},"modified":"2019-09-27T18:29:21","modified_gmt":"2019-09-27T16:29:21","slug":"rocznica-powstania-szarych-szeregow","status":"publish","type":"post","link":"http:\/\/zpo.podedworze.pl\/index.php\/2019\/09\/27\/rocznica-powstania-szarych-szeregow\/","title":{"rendered":"Rocznica powstania Szarych Szereg\u00f3w"},"content":{"rendered":"<p><strong><em>Szanowni Rodzice i Nauczyciele,<br \/>\nDrodzy Uczniowie,<\/em><\/strong><\/p>\n<p>w za\u0142\u0105czeniu przekazuj\u0119 list Ministra Edukacji Narodowej w rocznic\u0119 powstania Szarych Szereg\u00f3w. By\u0142a to najliczniejsza m\u0142odzie\u017cowa organizacja konspiracyjna, odwo\u0142uj\u0105ca si\u0119 do tradycji harcerskich II Rzeczpospolitej.<\/p>\n<p>Z powa\u017caniem \u2013 Artur Becher, dyrektor szko\u0142y<\/p>\n<p><strong><em><a href=\"http:\/\/zpo.podedworze.pl\/wp-content\/uploads\/2019\/09\/List-Ministra-Edukacji-Narodowej_Szare-Szeregi.pdf\">List Ministra Edukacji Narodowej_Szare Szeregi<\/a><\/em><\/strong><\/p>\n","protected":false},"excerpt":{"rendered":"<p>Szanowni Rodzice i Nauczyciele, Drodzy Uczniowie, w za\u0142\u0105czeniu przekazuj\u0119 list Ministra Edukacji Narodowej w rocznic\u0119 powstania Szarych Szereg\u00f3w. By\u0142a to najliczniejsza m\u0142odzie\u017cowa organizacja konspiracyjna, odwo\u0142uj\u0105ca si\u0119 do tradycji harcerskich II Rzeczpospolitej. Z powa\u017caniem \u2013 Artur&#8230;<\/p>\n","protected":false},"author":3,"featured_media":10001,"comment_status":"closed","ping_status":"closed","sticky":false,"template":"","format":"standard","meta":{"footnotes":""},"categories":[1],"tags":[],"class_list":["post-9999","post","type-post","status-publish","format-standard","has-post-thumbnail","hentry","category-bez-kategorii"],"_links":{"self":[{"href":"http:\/\/zpo.podedworze.pl\/index.php\/wp-json\/wp\/v2\/posts\/9999","targetHints":{"allow":["GET"]}}],"collection":[{"href":"http:\/\/zpo.podedworze.pl\/index.php\/wp-json\/wp\/v2\/posts"}],"about":[{"href":"http:\/\/zpo.podedworze.pl\/index.php\/wp-json\/wp\/v2\/types\/post"}],"author":[{"embeddable":true,"href":"http:\/\/zpo.podedworze.pl\/index.php\/wp-json\/wp\/v2\/users\/3"}],"replies":[{"embeddable":true,"href":"http:\/\/zpo.podedworze.pl\/index.php\/wp-json\/wp\/v2\/comments?post=9999"}],"version-history":[{"count":1,"href":"http:\/\/zpo.podedworze.pl\/index.php\/wp-json\/wp\/v2\/posts\/9999\/revisions"}],"predecessor-version":[{"id":10002,"href":"http:\/\/zpo.podedworze.pl\/index.php\/wp-json\/wp\/v2\/posts\/9999\/revisions\/10002"}],"wp:featuredmedia":[{"embeddable":true,"href":"http:\/\/zpo.podedworze.pl\/index.php\/wp-json\/wp\/v2\/media\/10001"}],"wp:attachment":[{"href":"http:\/\/zpo.podedworze.pl\/index.php\/wp-json\/wp\/v2\/media?parent=9999"}],"wp:term":[{"taxonomy":"category","embeddable":true,"href":"http:\/\/zpo.podedworze.pl\/index.php\/wp-json\/wp\/v2\/categories?post=9999"},{"taxonomy":"post_tag","embeddable":true,"href":"http:\/\/zpo.podedworze.pl\/index.php\/wp-json\/wp\/v2\/tags?post=9999"}],"curies":[{"name":"wp","href":"https:\/\/api.w.org\/{rel}","templated":true}]}}